{"id":5598,"date":"2025-01-08T14:39:26","date_gmt":"2025-01-08T13:39:26","guid":{"rendered":"https:\/\/la-maison.net\/?p=5598"},"modified":"2025-01-17T16:26:10","modified_gmt":"2025-01-17T15:26:10","slug":"servir-sur-du-mobilier-modulaire-premium-un-must","status":"publish","type":"post","link":"https:\/\/la-maison.net\/index.php\/2025\/01\/08\/servir-sur-du-mobilier-modulaire-premium-un-must\/","title":{"rendered":"USM &#8211; Seconde \u00e9dition"},"content":{"rendered":"<h4><span class=\"so-premium-web-font\" style=\"font-family: 'Plus Jakarta Sans';\" data-web-font-module=\"google\" data-font-info=\"{&quot;font&quot;:&quot;Plus Jakarta Sans&quot;,&quot;webfont&quot;:true,&quot;variant&quot;:&quot;regular&quot;,&quot;module&quot;:&quot;google&quot;}\">Quand <strong>USM<\/strong> invite ses clients en son show-room de Paris, nous r\u00e9pondons une nouvelle fois pr\u00e9sents, fiers de pouvoir associer nos valeurs \u00e0 celles de ce c\u00e9l\u00e8bre fabricant suisse de <strong>meubles iconiques<\/strong> depuis les ann\u00e9es 60.<\/span><\/h4>\n\n\n<p><\/p>\n<div\n\t\t\t\n\t\t\tclass=\"so-widget-sow-blog so-widget-sow-blog-grid-c34ffc02d075\"\n\t\t\t\n\t\t>\t\t<div\n\t\tclass=\"sow-blog sow-blog-layout-grid\"\n\t\tdata-template=\"grid\"\n\t\tdata-settings=\"{&quot;columns&quot;:3,&quot;featured_image&quot;:true,&quot;featured_image_empty&quot;:true,&quot;featured_image_fallback&quot;:false,&quot;featured_image_size&quot;:&quot;&quot;,&quot;tag&quot;:&quot;h4&quot;,&quot;content&quot;:&quot;none&quot;,&quot;trim_manual_excerpt&quot;:&quot;&quot;,&quot;excerpt_length&quot;:55,&quot;excerpt_trim&quot;:&quot;&quot;,&quot;read_more_text&quot;:&quot;&quot;,&quot;date&quot;:false,&quot;author&quot;:false,&quot;filter_categories&quot;:false,&quot;categories&quot;:false,&quot;tags&quot;:false,&quot;comment_count&quot;:false,&quot;date_output_format&quot;:&quot;default&quot;,&quot;read_more&quot;:true,&quot;template&quot;:&quot;grid&quot;,&quot;pagination&quot;:&quot;disabled&quot;}\"\n\t\tdata-paged=\"1\"\n\t\tdata-paging-id=\"faabd4fc3f4a\"\n\t\tdata-total-pages=\"1\"\n\t\tdata-hash=\"109f1c2f\"\n\t>\n\t\t\n\t\t\t\t\t\t\t<div class=\"sow-blog-posts\">\n\t\t\t\t<article id=\"post-5592\" class=\"post-5592 post type-post status-publish format-standard has-post-thumbnail hentry category-cocktail blog-blocks-layout blog-style-imgblock  blog-alt-odd\" style=\"margin: 0 0 30px;\">\n\t\t\t\t\t<div class=\"sow-entry-thumbnail\">\n\t\t\t\t\t\t\t\t\t\t<a href=\"https:\/\/la-maison.net\/index.php\/2025\/01\/08\/un-superbe-cocktail-pour-un-grand-cabinet-davocats-a-la-defense\/\">\n\t\t\t\t\t\t<img width=\"1\" height=\"1\" src=\"https:\/\/la-maison.net\/wp-content\/uploads\/2024\/10\/IMG_0997.heic\" class=\"attachment-sow-blog-grid size-sow-blog-grid wp-post-image\" alt=\"\" \/>\t\t\t\t\t<\/a>\n\t\t\t\t<\/div>\n\t\t\t\t\t\t\t<div class=\"sow-blog-content-wrapper\"\n\t\t style=\"padding: 20px 25px;\">\n\t\t\t\t<header class=\"sow-entry-header\">\n\t\t\t<h4 class=\"sow-entry-title\" style=\"margin: 0 0 5px;\"><a href=\"https:\/\/la-maison.net\/index.php\/2025\/01\/08\/un-superbe-cocktail-pour-un-grand-cabinet-davocats-a-la-defense\/\" rel=\"bookmark\">Un superbe cocktail pour un grand cabinet d&rsquo;avocats \u00e0 La D\u00e9fense.<\/a><\/h4>\t\t\t<div class=\"sow-entry-meta\">\n\t\t\t\t\n\t\t\n\t\t\n\t\t\t\t\t<\/div>\n\t\t<\/header>\n\n\t\t\t<\/div>\n<\/article>\n<article id=\"post-4545\" class=\"post-4545 post type-post status-publish format-standard has-post-thumbnail hentry category-cocktail tag-photographies tag-vernissage blog-blocks-layout blog-style-imgblock  blog-alt-even\" style=\"margin: 0 0 30px;\">\n\t\t\t\t\t<div class=\"sow-entry-thumbnail\">\n\t\t\t\t\t\t\t\t\t\t<a href=\"https:\/\/la-maison.net\/index.php\/2022\/04\/21\/le-vernissage-photo-dalain-laboile\/\">\n\t\t\t\t\t\t<img width=\"720\" height=\"480\" src=\"https:\/\/la-maison.net\/wp-content\/uploads\/2024\/10\/IMG_5906-e1737129422321-720x480.jpg\" class=\"attachment-sow-blog-grid size-sow-blog-grid wp-post-image\" alt=\"\" srcset=\"https:\/\/la-maison.net\/wp-content\/uploads\/2024\/10\/IMG_5906-e1737129422321-720x480.jpg 720w, https:\/\/la-maison.net\/wp-content\/uploads\/2024\/10\/IMG_5906-e1737129422321-272x182.jpg 272w, https:\/\/la-maison.net\/wp-content\/uploads\/2024\/10\/IMG_5906-e1737129422321-360x240.jpg 360w\" sizes=\"(max-width: 720px) 100vw, 720px\" \/>\t\t\t\t\t<\/a>\n\t\t\t\t<\/div>\n\t\t\t\t\t\t\t<div class=\"sow-blog-content-wrapper\"\n\t\t style=\"padding: 20px 25px;\">\n\t\t\t\t<header class=\"sow-entry-header\">\n\t\t\t<h4 class=\"sow-entry-title\" style=\"margin: 0 0 5px;\"><a href=\"https:\/\/la-maison.net\/index.php\/2022\/04\/21\/le-vernissage-photo-dalain-laboile\/\" rel=\"bookmark\">Alain Laboile &#8211; Un vernissage comme une glace vanille fraise.<\/a><\/h4>\t\t\t<div class=\"sow-entry-meta\">\n\t\t\t\t\n\t\t\n\t\t\n\t\t\t\t\t<\/div>\n\t\t<\/header>\n\n\t\t\t<\/div>\n<\/article>\n\t\t\t<\/div>\n\t\t\t\t\t\t\t\t<\/div>\n\t<\/div>","protected":false},"excerpt":{"rendered":"<p>Quand USM invite ses clients en son show-room de Paris, nous r\u00e9pondons une nouvelle fois pr\u00e9sents, fiers de pouvoir associer nos valeurs \u00e0 celles de ce c\u00e9l\u00e8bre fabricant suisse de meubles iconiques depuis les ann\u00e9es 60.<\/p>\n","protected":false},"author":1,"featured_media":5972,"comment_status":"closed","ping_status":"closed","sticky":false,"template":"","format":"standard","meta":{"footnotes":""},"categories":[295],"tags":[],"class_list":["post-5598","post","type-post","status-publish","format-standard","has-post-thumbnail","hentry","category-cocktail","blog-blocks-layout","blog-style-imgblock","","blog-alt-odd"],"yoast_head":"<!-- This site is optimized with the Yoast SEO plugin v24.1 - https:\/\/yoast.com\/wordpress\/plugins\/seo\/ -->\n<title>USM - Seconde \u00e9dition -<\/title>\n<meta name=\"robots\" content=\"index, follow, max-snippet:-1, max-image-preview:large, max-video-preview:-1\" \/>\n<link rel=\"canonical\" href=\"https:\/\/la-maison.net\/index.php\/2025\/01\/08\/servir-sur-du-mobilier-modulaire-premium-un-must\/\" \/>\n<meta property=\"og:locale\" content=\"fr_FR\" \/>\n<meta property=\"og:type\" content=\"article\" \/>\n<meta property=\"og:title\" content=\"USM - Seconde \u00e9dition -\" \/>\n<meta property=\"og:description\" content=\"Quand USM invite ses clients en son show-room de Paris, nous r\u00e9pondons une nouvelle fois pr\u00e9sents, fiers de pouvoir associer nos valeurs \u00e0 celles de ce c\u00e9l\u00e8bre fabricant suisse de meubles iconiques depuis les ann\u00e9es 60.\" \/>\n<meta property=\"og:url\" content=\"https:\/\/la-maison.net\/index.php\/2025\/01\/08\/servir-sur-du-mobilier-modulaire-premium-un-must\/\" \/>\n<meta property=\"article:published_time\" content=\"2025-01-08T13:39:26+00:00\" \/>\n<meta property=\"article:modified_time\" content=\"2025-01-17T15:26:10+00:00\" \/>\n<meta property=\"og:image\" content=\"https:\/\/la-maison.net\/wp-content\/uploads\/2025\/01\/IMG_7010-e1737127326559.jpg\" \/>\n\t<meta property=\"og:image:width\" content=\"1525\" \/>\n\t<meta property=\"og:image:height\" content=\"928\" \/>\n\t<meta property=\"og:image:type\" content=\"image\/jpeg\" \/>\n<meta name=\"author\" content=\"Les H\u00f4tes\" \/>\n<meta name=\"twitter:card\" content=\"summary_large_image\" \/>\n<meta name=\"twitter:label1\" content=\"\u00c9crit par\" \/>\n\t<meta name=\"twitter:data1\" content=\"Les H\u00f4tes\" \/>\n\t<meta name=\"twitter:label2\" content=\"Dur\u00e9e de lecture estim\u00e9e\" \/>\n\t<meta name=\"twitter:data2\" content=\"1 minute\" \/>\n<script type=\"application\/ld+json\" class=\"yoast-schema-graph\">{\"@context\":\"https:\/\/schema.org\",\"@graph\":[{\"@type\":\"Article\",\"@id\":\"https:\/\/la-maison.net\/index.php\/2025\/01\/08\/servir-sur-du-mobilier-modulaire-premium-un-must\/#article\",\"isPartOf\":{\"@id\":\"https:\/\/la-maison.net\/index.php\/2025\/01\/08\/servir-sur-du-mobilier-modulaire-premium-un-must\/\"},\"author\":{\"name\":\"Les H\u00f4tes\",\"@id\":\"https:\/\/la-maison.net\/#\/schema\/person\/7699b18ca24da5124f9de3a274cc42d4\"},\"headline\":\"USM &#8211; Seconde \u00e9dition\",\"datePublished\":\"2025-01-08T13:39:26+00:00\",\"dateModified\":\"2025-01-17T15:26:10+00:00\",\"mainEntityOfPage\":{\"@id\":\"https:\/\/la-maison.net\/index.php\/2025\/01\/08\/servir-sur-du-mobilier-modulaire-premium-un-must\/\"},\"wordCount\":43,\"publisher\":{\"@id\":\"https:\/\/la-maison.net\/#organization\"},\"image\":{\"@id\":\"https:\/\/la-maison.net\/index.php\/2025\/01\/08\/servir-sur-du-mobilier-modulaire-premium-un-must\/#primaryimage\"},\"thumbnailUrl\":\"https:\/\/la-maison.net\/wp-content\/uploads\/2025\/01\/IMG_7010-e1737127326559.jpg\",\"articleSection\":[\"cocktail\"],\"inLanguage\":\"fr-FR\"},{\"@type\":\"WebPage\",\"@id\":\"https:\/\/la-maison.net\/index.php\/2025\/01\/08\/servir-sur-du-mobilier-modulaire-premium-un-must\/\",\"url\":\"https:\/\/la-maison.net\/index.php\/2025\/01\/08\/servir-sur-du-mobilier-modulaire-premium-un-must\/\",\"name\":\"USM - Seconde \u00e9dition -\",\"isPartOf\":{\"@id\":\"https:\/\/la-maison.net\/#website\"},\"primaryImageOfPage\":{\"@id\":\"https:\/\/la-maison.net\/index.php\/2025\/01\/08\/servir-sur-du-mobilier-modulaire-premium-un-must\/#primaryimage\"},\"image\":{\"@id\":\"https:\/\/la-maison.net\/index.php\/2025\/01\/08\/servir-sur-du-mobilier-modulaire-premium-un-must\/#primaryimage\"},\"thumbnailUrl\":\"https:\/\/la-maison.net\/wp-content\/uploads\/2025\/01\/IMG_7010-e1737127326559.jpg\",\"datePublished\":\"2025-01-08T13:39:26+00:00\",\"dateModified\":\"2025-01-17T15:26:10+00:00\",\"breadcrumb\":{\"@id\":\"https:\/\/la-maison.net\/index.php\/2025\/01\/08\/servir-sur-du-mobilier-modulaire-premium-un-must\/#breadcrumb\"},\"inLanguage\":\"fr-FR\",\"potentialAction\":[{\"@type\":\"ReadAction\",\"target\":[\"https:\/\/la-maison.net\/index.php\/2025\/01\/08\/servir-sur-du-mobilier-modulaire-premium-un-must\/\"]}]},{\"@type\":\"ImageObject\",\"inLanguage\":\"fr-FR\",\"@id\":\"https:\/\/la-maison.net\/index.php\/2025\/01\/08\/servir-sur-du-mobilier-modulaire-premium-un-must\/#primaryimage\",\"url\":\"https:\/\/la-maison.net\/wp-content\/uploads\/2025\/01\/IMG_7010-e1737127326559.jpg\",\"contentUrl\":\"https:\/\/la-maison.net\/wp-content\/uploads\/2025\/01\/IMG_7010-e1737127326559.jpg\",\"width\":1525,\"height\":928},{\"@type\":\"BreadcrumbList\",\"@id\":\"https:\/\/la-maison.net\/index.php\/2025\/01\/08\/servir-sur-du-mobilier-modulaire-premium-un-must\/#breadcrumb\",\"itemListElement\":[{\"@type\":\"ListItem\",\"position\":1,\"name\":\"Accueil\",\"item\":\"https:\/\/la-maison.net\/\"},{\"@type\":\"ListItem\",\"position\":2,\"name\":\"USM &#8211; Seconde \u00e9dition\"}]},{\"@type\":\"WebSite\",\"@id\":\"https:\/\/la-maison.net\/#website\",\"url\":\"https:\/\/la-maison.net\/\",\"name\":\"la-maison.net\",\"description\":\"\",\"publisher\":{\"@id\":\"https:\/\/la-maison.net\/#organization\"},\"potentialAction\":[{\"@type\":\"SearchAction\",\"target\":{\"@type\":\"EntryPoint\",\"urlTemplate\":\"https:\/\/la-maison.net\/?s={search_term_string}\"},\"query-input\":{\"@type\":\"PropertyValueSpecification\",\"valueRequired\":true,\"valueName\":\"search_term_string\"}}],\"inLanguage\":\"fr-FR\"},{\"@type\":\"Organization\",\"@id\":\"https:\/\/la-maison.net\/#organization\",\"name\":\"La Maison\",\"url\":\"https:\/\/la-maison.net\/\",\"logo\":{\"@type\":\"ImageObject\",\"inLanguage\":\"fr-FR\",\"@id\":\"https:\/\/la-maison.net\/#\/schema\/logo\/image\/\",\"url\":\"https:\/\/la-maison.net\/wp-content\/uploads\/2018\/12\/cropped-logo-2019-e1580116215100.jpg\",\"contentUrl\":\"https:\/\/la-maison.net\/wp-content\/uploads\/2018\/12\/cropped-logo-2019-e1580116215100.jpg\",\"width\":384,\"height\":94,\"caption\":\"La Maison\"},\"image\":{\"@id\":\"https:\/\/la-maison.net\/#\/schema\/logo\/image\/\"}},{\"@type\":\"Person\",\"@id\":\"https:\/\/la-maison.net\/#\/schema\/person\/7699b18ca24da5124f9de3a274cc42d4\",\"name\":\"Les H\u00f4tes\",\"url\":\"https:\/\/la-maison.net\/index.php\/author\/mozart\/\"}]}<\/script>\n<!-- \/ Yoast SEO plugin. -->","yoast_head_json":{"title":"USM - Seconde \u00e9dition -","robots":{"index":"index","follow":"follow","max-snippet":"max-snippet:-1","max-image-preview":"max-image-preview:large","max-video-preview":"max-video-preview:-1"},"canonical":"https:\/\/la-maison.net\/index.php\/2025\/01\/08\/servir-sur-du-mobilier-modulaire-premium-un-must\/","og_locale":"fr_FR","og_type":"article","og_title":"USM - Seconde \u00e9dition -","og_description":"Quand USM invite ses clients en son show-room de Paris, nous r\u00e9pondons une nouvelle fois pr\u00e9sents, fiers de pouvoir associer nos valeurs \u00e0 celles de ce c\u00e9l\u00e8bre fabricant suisse de meubles iconiques depuis les ann\u00e9es 60.","og_url":"https:\/\/la-maison.net\/index.php\/2025\/01\/08\/servir-sur-du-mobilier-modulaire-premium-un-must\/","article_published_time":"2025-01-08T13:39:26+00:00","article_modified_time":"2025-01-17T15:26:10+00:00","og_image":[{"width":1525,"height":928,"url":"https:\/\/la-maison.net\/wp-content\/uploads\/2025\/01\/IMG_7010-e1737127326559.jpg","type":"image\/jpeg"}],"author":"Les H\u00f4tes","twitter_card":"summary_large_image","twitter_misc":{"\u00c9crit par":"Les H\u00f4tes","Dur\u00e9e de lecture estim\u00e9e":"1 minute"},"schema":{"@context":"https:\/\/schema.org","@graph":[{"@type":"Article","@id":"https:\/\/la-maison.net\/index.php\/2025\/01\/08\/servir-sur-du-mobilier-modulaire-premium-un-must\/#article","isPartOf":{"@id":"https:\/\/la-maison.net\/index.php\/2025\/01\/08\/servir-sur-du-mobilier-modulaire-premium-un-must\/"},"author":{"name":"Les H\u00f4tes","@id":"https:\/\/la-maison.net\/#\/schema\/person\/7699b18ca24da5124f9de3a274cc42d4"},"headline":"USM &#8211; Seconde \u00e9dition","datePublished":"2025-01-08T13:39:26+00:00","dateModified":"2025-01-17T15:26:10+00:00","mainEntityOfPage":{"@id":"https:\/\/la-maison.net\/index.php\/2025\/01\/08\/servir-sur-du-mobilier-modulaire-premium-un-must\/"},"wordCount":43,"publisher":{"@id":"https:\/\/la-maison.net\/#organization"},"image":{"@id":"https:\/\/la-maison.net\/index.php\/2025\/01\/08\/servir-sur-du-mobilier-modulaire-premium-un-must\/#primaryimage"},"thumbnailUrl":"https:\/\/la-maison.net\/wp-content\/uploads\/2025\/01\/IMG_7010-e1737127326559.jpg","articleSection":["cocktail"],"inLanguage":"fr-FR"},{"@type":"WebPage","@id":"https:\/\/la-maison.net\/index.php\/2025\/01\/08\/servir-sur-du-mobilier-modulaire-premium-un-must\/","url":"https:\/\/la-maison.net\/index.php\/2025\/01\/08\/servir-sur-du-mobilier-modulaire-premium-un-must\/","name":"USM - Seconde \u00e9dition -","isPartOf":{"@id":"https:\/\/la-maison.net\/#website"},"primaryImageOfPage":{"@id":"https:\/\/la-maison.net\/index.php\/2025\/01\/08\/servir-sur-du-mobilier-modulaire-premium-un-must\/#primaryimage"},"image":{"@id":"https:\/\/la-maison.net\/index.php\/2025\/01\/08\/servir-sur-du-mobilier-modulaire-premium-un-must\/#primaryimage"},"thumbnailUrl":"https:\/\/la-maison.net\/wp-content\/uploads\/2025\/01\/IMG_7010-e1737127326559.jpg","datePublished":"2025-01-08T13:39:26+00:00","dateModified":"2025-01-17T15:26:10+00:00","breadcrumb":{"@id":"https:\/\/la-maison.net\/index.php\/2025\/01\/08\/servir-sur-du-mobilier-modulaire-premium-un-must\/#breadcrumb"},"inLanguage":"fr-FR","potentialAction":[{"@type":"ReadAction","target":["https:\/\/la-maison.net\/index.php\/2025\/01\/08\/servir-sur-du-mobilier-modulaire-premium-un-must\/"]}]},{"@type":"ImageObject","inLanguage":"fr-FR","@id":"https:\/\/la-maison.net\/index.php\/2025\/01\/08\/servir-sur-du-mobilier-modulaire-premium-un-must\/#primaryimage","url":"https:\/\/la-maison.net\/wp-content\/uploads\/2025\/01\/IMG_7010-e1737127326559.jpg","contentUrl":"https:\/\/la-maison.net\/wp-content\/uploads\/2025\/01\/IMG_7010-e1737127326559.jpg","width":1525,"height":928},{"@type":"BreadcrumbList","@id":"https:\/\/la-maison.net\/index.php\/2025\/01\/08\/servir-sur-du-mobilier-modulaire-premium-un-must\/#breadcrumb","itemListElement":[{"@type":"ListItem","position":1,"name":"Accueil","item":"https:\/\/la-maison.net\/"},{"@type":"ListItem","position":2,"name":"USM &#8211; Seconde \u00e9dition"}]},{"@type":"WebSite","@id":"https:\/\/la-maison.net\/#website","url":"https:\/\/la-maison.net\/","name":"la-maison.net","description":"","publisher":{"@id":"https:\/\/la-maison.net\/#organization"},"potentialAction":[{"@type":"SearchAction","target":{"@type":"EntryPoint","urlTemplate":"https:\/\/la-maison.net\/?s={search_term_string}"},"query-input":{"@type":"PropertyValueSpecification","valueRequired":true,"valueName":"search_term_string"}}],"inLanguage":"fr-FR"},{"@type":"Organization","@id":"https:\/\/la-maison.net\/#organization","name":"La Maison","url":"https:\/\/la-maison.net\/","logo":{"@type":"ImageObject","inLanguage":"fr-FR","@id":"https:\/\/la-maison.net\/#\/schema\/logo\/image\/","url":"https:\/\/la-maison.net\/wp-content\/uploads\/2018\/12\/cropped-logo-2019-e1580116215100.jpg","contentUrl":"https:\/\/la-maison.net\/wp-content\/uploads\/2018\/12\/cropped-logo-2019-e1580116215100.jpg","width":384,"height":94,"caption":"La Maison"},"image":{"@id":"https:\/\/la-maison.net\/#\/schema\/logo\/image\/"}},{"@type":"Person","@id":"https:\/\/la-maison.net\/#\/schema\/person\/7699b18ca24da5124f9de3a274cc42d4","name":"Les H\u00f4tes","url":"https:\/\/la-maison.net\/index.php\/author\/mozart\/"}]}},"_links":{"self":[{"href":"https:\/\/la-maison.net\/index.php\/wp-json\/wp\/v2\/posts\/5598"}],"collection":[{"href":"https:\/\/la-maison.net\/index.php\/wp-json\/wp\/v2\/posts"}],"about":[{"href":"https:\/\/la-maison.net\/index.php\/wp-json\/wp\/v2\/types\/post"}],"author":[{"embeddable":true,"href":"https:\/\/la-maison.net\/index.php\/wp-json\/wp\/v2\/users\/1"}],"replies":[{"embeddable":true,"href":"https:\/\/la-maison.net\/index.php\/wp-json\/wp\/v2\/comments?post=5598"}],"version-history":[{"count":6,"href":"https:\/\/la-maison.net\/index.php\/wp-json\/wp\/v2\/posts\/5598\/revisions"}],"predecessor-version":[{"id":5974,"href":"https:\/\/la-maison.net\/index.php\/wp-json\/wp\/v2\/posts\/5598\/revisions\/5974"}],"wp:featuredmedia":[{"embeddable":true,"href":"https:\/\/la-maison.net\/index.php\/wp-json\/wp\/v2\/media\/5972"}],"wp:attachment":[{"href":"https:\/\/la-maison.net\/index.php\/wp-json\/wp\/v2\/media?parent=5598"}],"wp:term":[{"taxonomy":"category","embeddable":true,"href":"https:\/\/la-maison.net\/index.php\/wp-json\/wp\/v2\/categories?post=5598"},{"taxonomy":"post_tag","embeddable":true,"href":"https:\/\/la-maison.net\/index.php\/wp-json\/wp\/v2\/tags?post=5598"}],"curies":[{"name":"wp","href":"https:\/\/api.w.org\/{rel}","templated":true}]}}