{"id":4545,"date":"2022-04-21T07:38:03","date_gmt":"2022-04-21T06:38:03","guid":{"rendered":"http:\/\/la-maison.net\/?p=4545"},"modified":"2025-01-17T16:57:16","modified_gmt":"2025-01-17T15:57:16","slug":"le-vernissage-photo-dalain-laboile","status":"publish","type":"post","link":"https:\/\/la-maison.net\/index.php\/2022\/04\/21\/le-vernissage-photo-dalain-laboile\/","title":{"rendered":"Alain Laboile &#8211; Un vernissage comme une glace vanille fraise."},"content":{"rendered":"<h4><span class=\"so-premium-web-font\" style=\"font-family: 'Plus Jakarta Sans';\" data-web-font-module=\"google\" data-font-info=\"{&quot;font&quot;:&quot;Plus Jakarta Sans&quot;,&quot;webfont&quot;:true,&quot;variant&quot;:&quot;regular&quot;,&quot;module&quot;:&quot;google&quot;}\">Nous avons accompagn\u00e9s <strong>Alain Laboile, photographe<\/strong>, pour le vernissage de son exposition chez <strong>Leica<\/strong>. Des photographies expos\u00e9es de sa propre famille, touchantes par leur intimit\u00e9 et le vent de libert\u00e9 qui les animent.<\/span><\/h4>\n<h4 class=\"text-align-justify\"><span class=\"so-premium-web-font\" style=\"font-family: 'Plus Jakarta Sans';\" data-web-font-module=\"google\" data-font-info=\"{&quot;font&quot;:&quot;Plus Jakarta Sans&quot;,&quot;webfont&quot;:true,&quot;variant&quot;:&quot;regular&quot;,&quot;module&quot;:&quot;google&quot;}\">\u00ab\u00a0Depuis 2007, Alain Laboile photographie ses six enfants dans leur maison pr\u00e8s de Bordeaux. Lui qui ne poss\u00e8de qu&rsquo;une seule image de sa propre enfance. Scolaris\u00e9s \u00e0 domicile, dans une maison sans t\u00e9l\u00e9vision, ses six enfants \u00e9voluent en libert\u00e9 dans cette famille au mode de vie original. \u00ab\u00a0On a un style de vie qui interpelle beaucoup, et qui int\u00e9resse, passionne, et am\u00e8ne les gens \u00e0 se questionner sur leur propre fonctionnement\u00a0\u00bb remarque Alain Laboile. Dans la lign\u00e9e de la photographe am\u00e9ricaine Sally Mann, il guette ses moments po\u00e9tiques et fugaces d&rsquo;une vie r\u00e9invent\u00e9e chaque jour au sein de la nature qui semble primitive. \u00ab\u00a0<a href=\"https:\/\/www.leica-camera-france.fr\/les-lecaistes\/alain-laboile\">.<\/a><\/span><\/h4>\n<h4><span class=\"so-premium-web-font\" style=\"font-family: 'Plus Jakarta Sans';\" data-web-font-module=\"google\" data-font-info=\"{&quot;font&quot;:&quot;Plus Jakarta Sans&quot;,&quot;webfont&quot;:true,&quot;variant&quot;:&quot;regular&quot;,&quot;module&quot;:&quot;google&quot;}\">https:\/\/laboile.com<\/span><\/h4>\n\n\n<p><\/p>\n<div\n\t\t\t\n\t\t\tclass=\"so-widget-sow-blog so-widget-sow-blog-grid-c34ffc02d075\"\n\t\t\t\n\t\t>\t\t<div\n\t\tclass=\"sow-blog sow-blog-layout-grid\"\n\t\tdata-template=\"grid\"\n\t\tdata-settings=\"{&quot;columns&quot;:3,&quot;featured_image&quot;:true,&quot;featured_image_empty&quot;:true,&quot;featured_image_fallback&quot;:false,&quot;featured_image_size&quot;:&quot;&quot;,&quot;tag&quot;:&quot;h4&quot;,&quot;content&quot;:&quot;none&quot;,&quot;trim_manual_excerpt&quot;:&quot;&quot;,&quot;excerpt_length&quot;:55,&quot;excerpt_trim&quot;:&quot;&quot;,&quot;read_more_text&quot;:&quot;&quot;,&quot;date&quot;:false,&quot;author&quot;:false,&quot;filter_categories&quot;:false,&quot;categories&quot;:false,&quot;tags&quot;:false,&quot;comment_count&quot;:false,&quot;date_output_format&quot;:&quot;default&quot;,&quot;read_more&quot;:true,&quot;template&quot;:&quot;grid&quot;,&quot;pagination&quot;:&quot;disabled&quot;}\"\n\t\tdata-paged=\"1\"\n\t\tdata-paging-id=\"faabd4fc3f4a\"\n\t\tdata-total-pages=\"1\"\n\t\tdata-hash=\"109f1c2f\"\n\t>\n\t\t\n\t\t\t\t\t\t\t<div class=\"sow-blog-posts\">\n\t\t\t\t<article id=\"post-5598\" class=\"post-5598 post type-post status-publish format-standard has-post-thumbnail hentry category-cocktail blog-blocks-layout blog-style-imgblock  blog-alt-odd\" style=\"margin: 0 0 30px;\">\n\t\t\t\t\t<div class=\"sow-entry-thumbnail\">\n\t\t\t\t\t\t\t\t\t\t<a href=\"https:\/\/la-maison.net\/index.php\/2025\/01\/08\/servir-sur-du-mobilier-modulaire-premium-un-must\/\">\n\t\t\t\t\t\t<img width=\"720\" height=\"480\" src=\"https:\/\/la-maison.net\/wp-content\/uploads\/2025\/01\/IMG_7010-e1737127326559-720x480.jpg\" class=\"attachment-sow-blog-grid size-sow-blog-grid wp-post-image\" alt=\"\" srcset=\"https:\/\/la-maison.net\/wp-content\/uploads\/2025\/01\/IMG_7010-e1737127326559-720x480.jpg 720w, https:\/\/la-maison.net\/wp-content\/uploads\/2025\/01\/IMG_7010-e1737127326559-24x15.jpg 24w, https:\/\/la-maison.net\/wp-content\/uploads\/2025\/01\/IMG_7010-e1737127326559-272x182.jpg 272w, https:\/\/la-maison.net\/wp-content\/uploads\/2025\/01\/IMG_7010-e1737127326559-360x240.jpg 360w\" sizes=\"(max-width: 720px) 100vw, 720px\" \/>\t\t\t\t\t<\/a>\n\t\t\t\t<\/div>\n\t\t\t\t\t\t\t<div class=\"sow-blog-content-wrapper\"\n\t\t style=\"padding: 20px 25px;\">\n\t\t\t\t<header class=\"sow-entry-header\">\n\t\t\t<h4 class=\"sow-entry-title\" style=\"margin: 0 0 5px;\"><a href=\"https:\/\/la-maison.net\/index.php\/2025\/01\/08\/servir-sur-du-mobilier-modulaire-premium-un-must\/\" rel=\"bookmark\">USM &#8211; Seconde \u00e9dition<\/a><\/h4>\t\t\t<div class=\"sow-entry-meta\">\n\t\t\t\t\n\t\t\n\t\t\n\t\t\t\t\t<\/div>\n\t\t<\/header>\n\n\t\t\t<\/div>\n<\/article>\n<article id=\"post-5592\" class=\"post-5592 post type-post status-publish format-standard has-post-thumbnail hentry category-cocktail blog-blocks-layout blog-style-imgblock  blog-alt-even\" style=\"margin: 0 0 30px;\">\n\t\t\t\t\t<div class=\"sow-entry-thumbnail\">\n\t\t\t\t\t\t\t\t\t\t<a href=\"https:\/\/la-maison.net\/index.php\/2025\/01\/08\/un-superbe-cocktail-pour-un-grand-cabinet-davocats-a-la-defense\/\">\n\t\t\t\t\t\t<img width=\"1\" height=\"1\" src=\"https:\/\/la-maison.net\/wp-content\/uploads\/2024\/10\/IMG_0997.heic\" class=\"attachment-sow-blog-grid size-sow-blog-grid wp-post-image\" alt=\"\" \/>\t\t\t\t\t<\/a>\n\t\t\t\t<\/div>\n\t\t\t\t\t\t\t<div class=\"sow-blog-content-wrapper\"\n\t\t style=\"padding: 20px 25px;\">\n\t\t\t\t<header class=\"sow-entry-header\">\n\t\t\t<h4 class=\"sow-entry-title\" style=\"margin: 0 0 5px;\"><a href=\"https:\/\/la-maison.net\/index.php\/2025\/01\/08\/un-superbe-cocktail-pour-un-grand-cabinet-davocats-a-la-defense\/\" rel=\"bookmark\">Un superbe cocktail pour un grand cabinet d&rsquo;avocats \u00e0 La D\u00e9fense.<\/a><\/h4>\t\t\t<div class=\"sow-entry-meta\">\n\t\t\t\t\n\t\t\n\t\t\n\t\t\t\t\t<\/div>\n\t\t<\/header>\n\n\t\t\t<\/div>\n<\/article>\n<article id=\"post-2245\" class=\"post-2245 post type-post status-publish format-standard has-post-thumbnail hentry category-le-gout-de-lentreprise tag-evenement tag-japonais tag-nori tag-siree tag-vernissage blog-blocks-layout blog-style-imgblock  blog-alt-odd\" style=\"margin: 0 0 30px;\">\n\t\t\t\t\t<div class=\"sow-entry-thumbnail\">\n\t\t\t\t\t\t\t\t\t\t<a href=\"https:\/\/la-maison.net\/index.php\/2018\/10\/16\/hom-nguyen-a2z\/\">\n\t\t\t\t\t\t<img width=\"480\" height=\"480\" src=\"https:\/\/la-maison.net\/wp-content\/uploads\/2018\/10\/43879842_10161092999915595_3693164617447505920_n.jpg\" class=\"attachment-sow-blog-grid size-sow-blog-grid wp-post-image\" alt=\"HOM NGUYEN. vernissage de l&#039;exposition DARKSIDE\" srcset=\"https:\/\/la-maison.net\/wp-content\/uploads\/2018\/10\/43879842_10161092999915595_3693164617447505920_n.jpg 960w, https:\/\/la-maison.net\/wp-content\/uploads\/2018\/10\/43879842_10161092999915595_3693164617447505920_n-300x300.jpg 300w, https:\/\/la-maison.net\/wp-content\/uploads\/2018\/10\/43879842_10161092999915595_3693164617447505920_n-100x100.jpg 100w, https:\/\/la-maison.net\/wp-content\/uploads\/2018\/10\/43879842_10161092999915595_3693164617447505920_n-600x600.jpg 600w, https:\/\/la-maison.net\/wp-content\/uploads\/2018\/10\/43879842_10161092999915595_3693164617447505920_n-150x150.jpg 150w, https:\/\/la-maison.net\/wp-content\/uploads\/2018\/10\/43879842_10161092999915595_3693164617447505920_n-768x768.jpg 768w\" sizes=\"(max-width: 480px) 100vw, 480px\" \/>\t\t\t\t\t<\/a>\n\t\t\t\t<\/div>\n\t\t\t\t\t\t\t<div class=\"sow-blog-content-wrapper\"\n\t\t style=\"padding: 20px 25px;\">\n\t\t\t\t<header class=\"sow-entry-header\">\n\t\t\t<h4 class=\"sow-entry-title\" style=\"margin: 0 0 5px;\"><a href=\"https:\/\/la-maison.net\/index.php\/2018\/10\/16\/hom-nguyen-a2z\/\" rel=\"bookmark\">Hom Nguyen \u00e0 la galerie A2Z.<\/a><\/h4>\t\t\t<div class=\"sow-entry-meta\">\n\t\t\t\t\n\t\t\n\t\t\n\t\t\t\t\t<\/div>\n\t\t<\/header>\n\n\t\t\t<\/div>\n<\/article>\n\t\t\t<\/div>\n\t\t\t\t\t\t\t\t<\/div>\n\t<\/div>","protected":false},"excerpt":{"rendered":"<p>Nous avons accompagn\u00e9s Alain Laboile, photographe, pour le vernissage de son exposition chez Leica. Des photographies expos\u00e9es de sa propre famille, touchantes par leur intimit\u00e9 et le vent de libert\u00e9 qui les animent. \u00ab\u00a0Depuis 2007, Alain Laboile photographie ses six enfants dans leur maison pr\u00e8s de Bordeaux. Lui qui ne poss\u00e8de qu&rsquo;une seule image de&#8230;<\/p>\n","protected":false},"author":1,"featured_media":5208,"comment_status":"closed","ping_status":"closed","sticky":false,"template":"","format":"standard","meta":{"footnotes":""},"categories":[295],"tags":[296,277],"class_list":["post-4545","post","type-post","status-publish","format-standard","has-post-thumbnail","hentry","category-cocktail","tag-photographies","tag-vernissage","blog-blocks-layout","blog-style-imgblock","","blog-alt-even"],"yoast_head":"<!-- This site is optimized with the Yoast SEO plugin v24.1 - https:\/\/yoast.com\/wordpress\/plugins\/seo\/ -->\n<title>Alain Laboile - Un vernissage comme une glace vanille fraise. -<\/title>\n<meta name=\"robots\" content=\"index, follow, max-snippet:-1, max-image-preview:large, max-video-preview:-1\" \/>\n<link rel=\"canonical\" href=\"https:\/\/la-maison.net\/index.php\/2022\/04\/21\/le-vernissage-photo-dalain-laboile\/\" \/>\n<meta property=\"og:locale\" content=\"fr_FR\" \/>\n<meta property=\"og:type\" content=\"article\" \/>\n<meta property=\"og:title\" content=\"Alain Laboile - Un vernissage comme une glace vanille fraise. -\" \/>\n<meta property=\"og:description\" content=\"Nous avons accompagn\u00e9s Alain Laboile, photographe, pour le vernissage de son exposition chez Leica. Des photographies expos\u00e9es de sa propre famille, touchantes par leur intimit\u00e9 et le vent de libert\u00e9 qui les animent. \u00ab\u00a0Depuis 2007, Alain Laboile photographie ses six enfants dans leur maison pr\u00e8s de Bordeaux. Lui qui ne poss\u00e8de qu&rsquo;une seule image de...\" \/>\n<meta property=\"og:url\" content=\"https:\/\/la-maison.net\/index.php\/2022\/04\/21\/le-vernissage-photo-dalain-laboile\/\" \/>\n<meta property=\"article:published_time\" content=\"2022-04-21T06:38:03+00:00\" \/>\n<meta property=\"article:modified_time\" content=\"2025-01-17T15:57:16+00:00\" \/>\n<meta property=\"og:image\" content=\"https:\/\/la-maison.net\/wp-content\/uploads\/2024\/10\/IMG_5906-e1737129422321.jpg\" \/>\n\t<meta property=\"og:image:width\" content=\"1200\" \/>\n\t<meta property=\"og:image:height\" content=\"608\" \/>\n\t<meta property=\"og:image:type\" content=\"image\/jpeg\" \/>\n<meta name=\"author\" content=\"Les H\u00f4tes\" \/>\n<meta name=\"twitter:card\" content=\"summary_large_image\" \/>\n<meta name=\"twitter:label1\" content=\"\u00c9crit par\" \/>\n\t<meta name=\"twitter:data1\" content=\"Les H\u00f4tes\" \/>\n\t<meta name=\"twitter:label2\" content=\"Dur\u00e9e de lecture estim\u00e9e\" \/>\n\t<meta name=\"twitter:data2\" content=\"1 minute\" \/>\n<script type=\"application\/ld+json\" class=\"yoast-schema-graph\">{\"@context\":\"https:\/\/schema.org\",\"@graph\":[{\"@type\":\"Article\",\"@id\":\"https:\/\/la-maison.net\/index.php\/2022\/04\/21\/le-vernissage-photo-dalain-laboile\/#article\",\"isPartOf\":{\"@id\":\"https:\/\/la-maison.net\/index.php\/2022\/04\/21\/le-vernissage-photo-dalain-laboile\/\"},\"author\":{\"name\":\"Les H\u00f4tes\",\"@id\":\"https:\/\/la-maison.net\/#\/schema\/person\/7699b18ca24da5124f9de3a274cc42d4\"},\"headline\":\"Alain Laboile &#8211; Un vernissage comme une glace vanille fraise.\",\"datePublished\":\"2022-04-21T06:38:03+00:00\",\"dateModified\":\"2025-01-17T15:57:16+00:00\",\"mainEntityOfPage\":{\"@id\":\"https:\/\/la-maison.net\/index.php\/2022\/04\/21\/le-vernissage-photo-dalain-laboile\/\"},\"wordCount\":162,\"publisher\":{\"@id\":\"https:\/\/la-maison.net\/#organization\"},\"image\":{\"@id\":\"https:\/\/la-maison.net\/index.php\/2022\/04\/21\/le-vernissage-photo-dalain-laboile\/#primaryimage\"},\"thumbnailUrl\":\"https:\/\/la-maison.net\/wp-content\/uploads\/2024\/10\/IMG_5906-e1737129422321.jpg\",\"keywords\":[\"photographies\",\"vernissage\"],\"articleSection\":[\"cocktail\"],\"inLanguage\":\"fr-FR\"},{\"@type\":\"WebPage\",\"@id\":\"https:\/\/la-maison.net\/index.php\/2022\/04\/21\/le-vernissage-photo-dalain-laboile\/\",\"url\":\"https:\/\/la-maison.net\/index.php\/2022\/04\/21\/le-vernissage-photo-dalain-laboile\/\",\"name\":\"Alain Laboile - Un vernissage comme une glace vanille fraise. -\",\"isPartOf\":{\"@id\":\"https:\/\/la-maison.net\/#website\"},\"primaryImageOfPage\":{\"@id\":\"https:\/\/la-maison.net\/index.php\/2022\/04\/21\/le-vernissage-photo-dalain-laboile\/#primaryimage\"},\"image\":{\"@id\":\"https:\/\/la-maison.net\/index.php\/2022\/04\/21\/le-vernissage-photo-dalain-laboile\/#primaryimage\"},\"thumbnailUrl\":\"https:\/\/la-maison.net\/wp-content\/uploads\/2024\/10\/IMG_5906-e1737129422321.jpg\",\"datePublished\":\"2022-04-21T06:38:03+00:00\",\"dateModified\":\"2025-01-17T15:57:16+00:00\",\"breadcrumb\":{\"@id\":\"https:\/\/la-maison.net\/index.php\/2022\/04\/21\/le-vernissage-photo-dalain-laboile\/#breadcrumb\"},\"inLanguage\":\"fr-FR\",\"potentialAction\":[{\"@type\":\"ReadAction\",\"target\":[\"https:\/\/la-maison.net\/index.php\/2022\/04\/21\/le-vernissage-photo-dalain-laboile\/\"]}]},{\"@type\":\"ImageObject\",\"inLanguage\":\"fr-FR\",\"@id\":\"https:\/\/la-maison.net\/index.php\/2022\/04\/21\/le-vernissage-photo-dalain-laboile\/#primaryimage\",\"url\":\"https:\/\/la-maison.net\/wp-content\/uploads\/2024\/10\/IMG_5906-e1737129422321.jpg\",\"contentUrl\":\"https:\/\/la-maison.net\/wp-content\/uploads\/2024\/10\/IMG_5906-e1737129422321.jpg\",\"width\":1200,\"height\":608},{\"@type\":\"BreadcrumbList\",\"@id\":\"https:\/\/la-maison.net\/index.php\/2022\/04\/21\/le-vernissage-photo-dalain-laboile\/#breadcrumb\",\"itemListElement\":[{\"@type\":\"ListItem\",\"position\":1,\"name\":\"Accueil\",\"item\":\"https:\/\/la-maison.net\/\"},{\"@type\":\"ListItem\",\"position\":2,\"name\":\"Alain Laboile &#8211; Un vernissage comme une glace vanille fraise.\"}]},{\"@type\":\"WebSite\",\"@id\":\"https:\/\/la-maison.net\/#website\",\"url\":\"https:\/\/la-maison.net\/\",\"name\":\"la-maison.net\",\"description\":\"\",\"publisher\":{\"@id\":\"https:\/\/la-maison.net\/#organization\"},\"potentialAction\":[{\"@type\":\"SearchAction\",\"target\":{\"@type\":\"EntryPoint\",\"urlTemplate\":\"https:\/\/la-maison.net\/?s={search_term_string}\"},\"query-input\":{\"@type\":\"PropertyValueSpecification\",\"valueRequired\":true,\"valueName\":\"search_term_string\"}}],\"inLanguage\":\"fr-FR\"},{\"@type\":\"Organization\",\"@id\":\"https:\/\/la-maison.net\/#organization\",\"name\":\"La Maison\",\"url\":\"https:\/\/la-maison.net\/\",\"logo\":{\"@type\":\"ImageObject\",\"inLanguage\":\"fr-FR\",\"@id\":\"https:\/\/la-maison.net\/#\/schema\/logo\/image\/\",\"url\":\"https:\/\/la-maison.net\/wp-content\/uploads\/2018\/12\/cropped-logo-2019-e1580116215100.jpg\",\"contentUrl\":\"https:\/\/la-maison.net\/wp-content\/uploads\/2018\/12\/cropped-logo-2019-e1580116215100.jpg\",\"width\":384,\"height\":94,\"caption\":\"La Maison\"},\"image\":{\"@id\":\"https:\/\/la-maison.net\/#\/schema\/logo\/image\/\"}},{\"@type\":\"Person\",\"@id\":\"https:\/\/la-maison.net\/#\/schema\/person\/7699b18ca24da5124f9de3a274cc42d4\",\"name\":\"Les H\u00f4tes\",\"url\":\"https:\/\/la-maison.net\/index.php\/author\/mozart\/\"}]}<\/script>\n<!-- \/ Yoast SEO plugin. -->","yoast_head_json":{"title":"Alain Laboile - Un vernissage comme une glace vanille fraise. -","robots":{"index":"index","follow":"follow","max-snippet":"max-snippet:-1","max-image-preview":"max-image-preview:large","max-video-preview":"max-video-preview:-1"},"canonical":"https:\/\/la-maison.net\/index.php\/2022\/04\/21\/le-vernissage-photo-dalain-laboile\/","og_locale":"fr_FR","og_type":"article","og_title":"Alain Laboile - Un vernissage comme une glace vanille fraise. -","og_description":"Nous avons accompagn\u00e9s Alain Laboile, photographe, pour le vernissage de son exposition chez Leica. Des photographies expos\u00e9es de sa propre famille, touchantes par leur intimit\u00e9 et le vent de libert\u00e9 qui les animent. \u00ab\u00a0Depuis 2007, Alain Laboile photographie ses six enfants dans leur maison pr\u00e8s de Bordeaux. Lui qui ne poss\u00e8de qu&rsquo;une seule image de...","og_url":"https:\/\/la-maison.net\/index.php\/2022\/04\/21\/le-vernissage-photo-dalain-laboile\/","article_published_time":"2022-04-21T06:38:03+00:00","article_modified_time":"2025-01-17T15:57:16+00:00","og_image":[{"width":1200,"height":608,"url":"https:\/\/la-maison.net\/wp-content\/uploads\/2024\/10\/IMG_5906-e1737129422321.jpg","type":"image\/jpeg"}],"author":"Les H\u00f4tes","twitter_card":"summary_large_image","twitter_misc":{"\u00c9crit par":"Les H\u00f4tes","Dur\u00e9e de lecture estim\u00e9e":"1 minute"},"schema":{"@context":"https:\/\/schema.org","@graph":[{"@type":"Article","@id":"https:\/\/la-maison.net\/index.php\/2022\/04\/21\/le-vernissage-photo-dalain-laboile\/#article","isPartOf":{"@id":"https:\/\/la-maison.net\/index.php\/2022\/04\/21\/le-vernissage-photo-dalain-laboile\/"},"author":{"name":"Les H\u00f4tes","@id":"https:\/\/la-maison.net\/#\/schema\/person\/7699b18ca24da5124f9de3a274cc42d4"},"headline":"Alain Laboile &#8211; Un vernissage comme une glace vanille fraise.","datePublished":"2022-04-21T06:38:03+00:00","dateModified":"2025-01-17T15:57:16+00:00","mainEntityOfPage":{"@id":"https:\/\/la-maison.net\/index.php\/2022\/04\/21\/le-vernissage-photo-dalain-laboile\/"},"wordCount":162,"publisher":{"@id":"https:\/\/la-maison.net\/#organization"},"image":{"@id":"https:\/\/la-maison.net\/index.php\/2022\/04\/21\/le-vernissage-photo-dalain-laboile\/#primaryimage"},"thumbnailUrl":"https:\/\/la-maison.net\/wp-content\/uploads\/2024\/10\/IMG_5906-e1737129422321.jpg","keywords":["photographies","vernissage"],"articleSection":["cocktail"],"inLanguage":"fr-FR"},{"@type":"WebPage","@id":"https:\/\/la-maison.net\/index.php\/2022\/04\/21\/le-vernissage-photo-dalain-laboile\/","url":"https:\/\/la-maison.net\/index.php\/2022\/04\/21\/le-vernissage-photo-dalain-laboile\/","name":"Alain Laboile - Un vernissage comme une glace vanille fraise. -","isPartOf":{"@id":"https:\/\/la-maison.net\/#website"},"primaryImageOfPage":{"@id":"https:\/\/la-maison.net\/index.php\/2022\/04\/21\/le-vernissage-photo-dalain-laboile\/#primaryimage"},"image":{"@id":"https:\/\/la-maison.net\/index.php\/2022\/04\/21\/le-vernissage-photo-dalain-laboile\/#primaryimage"},"thumbnailUrl":"https:\/\/la-maison.net\/wp-content\/uploads\/2024\/10\/IMG_5906-e1737129422321.jpg","datePublished":"2022-04-21T06:38:03+00:00","dateModified":"2025-01-17T15:57:16+00:00","breadcrumb":{"@id":"https:\/\/la-maison.net\/index.php\/2022\/04\/21\/le-vernissage-photo-dalain-laboile\/#breadcrumb"},"inLanguage":"fr-FR","potentialAction":[{"@type":"ReadAction","target":["https:\/\/la-maison.net\/index.php\/2022\/04\/21\/le-vernissage-photo-dalain-laboile\/"]}]},{"@type":"ImageObject","inLanguage":"fr-FR","@id":"https:\/\/la-maison.net\/index.php\/2022\/04\/21\/le-vernissage-photo-dalain-laboile\/#primaryimage","url":"https:\/\/la-maison.net\/wp-content\/uploads\/2024\/10\/IMG_5906-e1737129422321.jpg","contentUrl":"https:\/\/la-maison.net\/wp-content\/uploads\/2024\/10\/IMG_5906-e1737129422321.jpg","width":1200,"height":608},{"@type":"BreadcrumbList","@id":"https:\/\/la-maison.net\/index.php\/2022\/04\/21\/le-vernissage-photo-dalain-laboile\/#breadcrumb","itemListElement":[{"@type":"ListItem","position":1,"name":"Accueil","item":"https:\/\/la-maison.net\/"},{"@type":"ListItem","position":2,"name":"Alain Laboile &#8211; Un vernissage comme une glace vanille fraise."}]},{"@type":"WebSite","@id":"https:\/\/la-maison.net\/#website","url":"https:\/\/la-maison.net\/","name":"la-maison.net","description":"","publisher":{"@id":"https:\/\/la-maison.net\/#organization"},"potentialAction":[{"@type":"SearchAction","target":{"@type":"EntryPoint","urlTemplate":"https:\/\/la-maison.net\/?s={search_term_string}"},"query-input":{"@type":"PropertyValueSpecification","valueRequired":true,"valueName":"search_term_string"}}],"inLanguage":"fr-FR"},{"@type":"Organization","@id":"https:\/\/la-maison.net\/#organization","name":"La Maison","url":"https:\/\/la-maison.net\/","logo":{"@type":"ImageObject","inLanguage":"fr-FR","@id":"https:\/\/la-maison.net\/#\/schema\/logo\/image\/","url":"https:\/\/la-maison.net\/wp-content\/uploads\/2018\/12\/cropped-logo-2019-e1580116215100.jpg","contentUrl":"https:\/\/la-maison.net\/wp-content\/uploads\/2018\/12\/cropped-logo-2019-e1580116215100.jpg","width":384,"height":94,"caption":"La Maison"},"image":{"@id":"https:\/\/la-maison.net\/#\/schema\/logo\/image\/"}},{"@type":"Person","@id":"https:\/\/la-maison.net\/#\/schema\/person\/7699b18ca24da5124f9de3a274cc42d4","name":"Les H\u00f4tes","url":"https:\/\/la-maison.net\/index.php\/author\/mozart\/"}]}},"_links":{"self":[{"href":"https:\/\/la-maison.net\/index.php\/wp-json\/wp\/v2\/posts\/4545"}],"collection":[{"href":"https:\/\/la-maison.net\/index.php\/wp-json\/wp\/v2\/posts"}],"about":[{"href":"https:\/\/la-maison.net\/index.php\/wp-json\/wp\/v2\/types\/post"}],"author":[{"embeddable":true,"href":"https:\/\/la-maison.net\/index.php\/wp-json\/wp\/v2\/users\/1"}],"replies":[{"embeddable":true,"href":"https:\/\/la-maison.net\/index.php\/wp-json\/wp\/v2\/comments?post=4545"}],"version-history":[{"count":5,"href":"https:\/\/la-maison.net\/index.php\/wp-json\/wp\/v2\/posts\/4545\/revisions"}],"predecessor-version":[{"id":5981,"href":"https:\/\/la-maison.net\/index.php\/wp-json\/wp\/v2\/posts\/4545\/revisions\/5981"}],"wp:featuredmedia":[{"embeddable":true,"href":"https:\/\/la-maison.net\/index.php\/wp-json\/wp\/v2\/media\/5208"}],"wp:attachment":[{"href":"https:\/\/la-maison.net\/index.php\/wp-json\/wp\/v2\/media?parent=4545"}],"wp:term":[{"taxonomy":"category","embeddable":true,"href":"https:\/\/la-maison.net\/index.php\/wp-json\/wp\/v2\/categories?post=4545"},{"taxonomy":"post_tag","embeddable":true,"href":"https:\/\/la-maison.net\/index.php\/wp-json\/wp\/v2\/tags?post=4545"}],"curies":[{"name":"wp","href":"https:\/\/api.w.org\/{rel}","templated":true}]}}