{"id":2755,"date":"2019-11-26T13:35:48","date_gmt":"2019-11-26T12:35:48","guid":{"rendered":"http:\/\/la-maison.net\/?p=2755"},"modified":"2019-11-26T13:38:01","modified_gmt":"2019-11-26T12:38:01","slug":"histoires-dassiettes","status":"publish","type":"post","link":"https:\/\/la-maison.net\/index.php\/2019\/11\/26\/histoires-dassiettes\/","title":{"rendered":"Histoires d&rsquo;assiettes\u2026"},"content":{"rendered":"<p>D\u00e9gustation chez les c\u00e9ramistes.<br \/>\nOn p\u00e9trit, on tourne, on cuit et on d\u00e9guste. Un bel incentive cr\u00e9\u00e9, organis\u00e9 et anim\u00e9 par LA MAISON.<br \/>\nPour vos \u00e9v\u00e9nements de fin d&rsquo;ann\u00e9e, LA MAISON vous propose des solutions originales et qui ont du sens.<\/p>\n<div id='gallery-1' class='gallery galleryid-2755 gallery-columns-3 gallery-size-large'><figure class='gallery-item'>\n\t\t\t<div class='gallery-icon portrait'>\n\t\t\t\t<a href='https:\/\/la-maison.net\/index.php\/2019\/11\/26\/histoires-dassiettes\/0-4\/'><img loading=\"lazy\" decoding=\"async\" width=\"768\" height=\"1024\" src=\"https:\/\/la-maison.net\/wp-content\/uploads\/2019\/11\/0-4-768x1024.jpeg\" class=\"attachment-large size-large\" alt=\"\" srcset=\"https:\/\/la-maison.net\/wp-content\/uploads\/2019\/11\/0-4-768x1024.jpeg 768w, https:\/\/la-maison.net\/wp-content\/uploads\/2019\/11\/0-4-225x300.jpeg 225w, https:\/\/la-maison.net\/wp-content\/uploads\/2019\/11\/0-4-600x800.jpeg 600w, https:\/\/la-maison.net\/wp-content\/uploads\/2019\/11\/0-4.jpeg 1108w\" sizes=\"(max-width: 768px) 100vw, 768px\" \/><\/a>\n\t\t\t<\/div><\/figure><figure class='gallery-item'>\n\t\t\t<div class='gallery-icon portrait'>\n\t\t\t\t<a href='https:\/\/la-maison.net\/index.php\/2019\/11\/26\/histoires-dassiettes\/0-2-2\/'><img loading=\"lazy\" decoding=\"async\" width=\"768\" height=\"1024\" src=\"https:\/\/la-maison.net\/wp-content\/uploads\/2019\/11\/0-2-768x1024.jpeg\" class=\"attachment-large size-large\" alt=\"\" srcset=\"https:\/\/la-maison.net\/wp-content\/uploads\/2019\/11\/0-2-768x1024.jpeg 768w, https:\/\/la-maison.net\/wp-content\/uploads\/2019\/11\/0-2-225x300.jpeg 225w, https:\/\/la-maison.net\/wp-content\/uploads\/2019\/11\/0-2-600x800.jpeg 600w, https:\/\/la-maison.net\/wp-content\/uploads\/2019\/11\/0-2.jpeg 1108w\" sizes=\"(max-width: 768px) 100vw, 768px\" \/><\/a>\n\t\t\t<\/div><\/figure><figure class='gallery-item'>\n\t\t\t<div class='gallery-icon portrait'>\n\t\t\t\t<a href='https:\/\/la-maison.net\/index.php\/2019\/11\/26\/histoires-dassiettes\/0-1-2\/'><img loading=\"lazy\" decoding=\"async\" width=\"784\" height=\"1024\" src=\"https:\/\/la-maison.net\/wp-content\/uploads\/2019\/11\/0-1-784x1024.jpeg\" class=\"attachment-large size-large\" alt=\"\" srcset=\"https:\/\/la-maison.net\/wp-content\/uploads\/2019\/11\/0-1-784x1024.jpeg 784w, https:\/\/la-maison.net\/wp-content\/uploads\/2019\/11\/0-1-230x300.jpeg 230w, https:\/\/la-maison.net\/wp-content\/uploads\/2019\/11\/0-1-768x1003.jpeg 768w, https:\/\/la-maison.net\/wp-content\/uploads\/2019\/11\/0-1-600x783.jpeg 600w, https:\/\/la-maison.net\/wp-content\/uploads\/2019\/11\/0-1.jpeg 1120w\" sizes=\"(max-width: 784px) 100vw, 784px\" \/><\/a>\n\t\t\t<\/div><\/figure>\n\t\t<\/div>\n\n<p>#incentive #soireedefindannee #tasting #ceramique #findann\u00e9e #2020 #\u00e9v\u00e9nementielgourmand #cocktail #r\u00e9ception #incentive #challengegourmand #\u00e9quipes #paris #vospapillesalaf\u00eate #des\u00e9v\u00e9nementsnaturellementbons<\/p>\n<div\n\t\t\t\n\t\t\tclass=\"so-widget-sow-blog so-widget-sow-blog-grid-c34ffc02d075\"\n\t\t\t\n\t\t>\t\t<div\n\t\tclass=\"sow-blog sow-blog-layout-grid\"\n\t\tdata-template=\"grid\"\n\t\tdata-settings=\"{&quot;columns&quot;:3,&quot;featured_image&quot;:true,&quot;featured_image_empty&quot;:true,&quot;featured_image_fallback&quot;:false,&quot;featured_image_size&quot;:&quot;&quot;,&quot;tag&quot;:&quot;h4&quot;,&quot;content&quot;:&quot;none&quot;,&quot;trim_manual_excerpt&quot;:&quot;&quot;,&quot;excerpt_length&quot;:55,&quot;excerpt_trim&quot;:&quot;&quot;,&quot;read_more_text&quot;:&quot;&quot;,&quot;date&quot;:false,&quot;author&quot;:false,&quot;filter_categories&quot;:false,&quot;categories&quot;:false,&quot;tags&quot;:false,&quot;comment_count&quot;:false,&quot;date_output_format&quot;:&quot;default&quot;,&quot;read_more&quot;:true,&quot;template&quot;:&quot;grid&quot;,&quot;pagination&quot;:&quot;disabled&quot;}\"\n\t\tdata-paged=\"1\"\n\t\tdata-paging-id=\"faabd4fc3f4a\"\n\t\tdata-total-pages=\"1\"\n\t\tdata-hash=\"109f1c2f\"\n\t>\n\t\t\n\t\t\t\t\t\t\t<div class=\"sow-blog-posts\">\n\t\t\t\t<article id=\"post-2107\" class=\"post-2107 post type-post status-publish format-standard has-post-thumbnail hentry category-le-gout-de-lentreprise category-the-food-and-wine-cup tag-bmw tag-bmw-motos tag-soiree-clients blog-blocks-layout blog-style-imgblock  blog-alt-odd\" style=\"margin: 0 0 30px;\">\n\t\t\t\t\t<div class=\"sow-entry-thumbnail\">\n\t\t\t\t\t\t\t\t\t\t<a href=\"https:\/\/la-maison.net\/index.php\/2018\/02\/16\/bmw-moto-la-gourmandise-sur-deux-roues\/\">\n\t\t\t\t\t\t<img width=\"480\" height=\"480\" src=\"https:\/\/la-maison.net\/wp-content\/uploads\/2018\/02\/IMG_9331.jpg\" class=\"attachment-sow-blog-grid size-sow-blog-grid wp-post-image\" alt=\"BMW moto\" srcset=\"https:\/\/la-maison.net\/wp-content\/uploads\/2018\/02\/IMG_9331.jpg 2048w, https:\/\/la-maison.net\/wp-content\/uploads\/2018\/02\/IMG_9331-300x300.jpg 300w, https:\/\/la-maison.net\/wp-content\/uploads\/2018\/02\/IMG_9331-100x100.jpg 100w, https:\/\/la-maison.net\/wp-content\/uploads\/2018\/02\/IMG_9331-600x600.jpg 600w, https:\/\/la-maison.net\/wp-content\/uploads\/2018\/02\/IMG_9331-150x150.jpg 150w, https:\/\/la-maison.net\/wp-content\/uploads\/2018\/02\/IMG_9331-768x768.jpg 768w, https:\/\/la-maison.net\/wp-content\/uploads\/2018\/02\/IMG_9331-1024x1024.jpg 1024w\" sizes=\"(max-width: 480px) 100vw, 480px\" \/>\t\t\t\t\t<\/a>\n\t\t\t\t<\/div>\n\t\t\t\t\t\t\t<div class=\"sow-blog-content-wrapper\"\n\t\t style=\"padding: 20px 25px;\">\n\t\t\t\t<header class=\"sow-entry-header\">\n\t\t\t<h4 class=\"sow-entry-title\" style=\"margin: 0 0 5px;\"><a href=\"https:\/\/la-maison.net\/index.php\/2018\/02\/16\/bmw-moto-la-gourmandise-sur-deux-roues\/\" rel=\"bookmark\">BMW Moto : la gourmandise sur 2 roues.<\/a><\/h4>\t\t\t<div class=\"sow-entry-meta\">\n\t\t\t\t\n\t\t\n\t\t\n\t\t\t\t\t<\/div>\n\t\t<\/header>\n\n\t\t\t<\/div>\n<\/article>\n<article id=\"post-1818\" class=\"post-1818 post type-post status-publish format-standard has-post-thumbnail hentry category-the-food-and-wine-cup tag-challenge-gourmand tag-degustation tag-food-and-wine-cup tag-liquide tag-ludique tag-soiree tag-solide tag-tasting blog-blocks-layout blog-style-imgblock  blog-alt-even\" style=\"margin: 0 0 30px;\">\n\t\t\t\t\t<div class=\"sow-entry-thumbnail\">\n\t\t\t\t\t\t\t\t\t\t<a href=\"https:\/\/la-maison.net\/index.php\/2017\/02\/15\/challenge-gourmand\/\">\n\t\t\t\t\t\t<img width=\"480\" height=\"480\" src=\"https:\/\/la-maison.net\/wp-content\/uploads\/2017\/02\/MSG_WINECUP.jpg\" class=\"attachment-sow-blog-grid size-sow-blog-grid wp-post-image\" alt=\"The Food and WIne Cup 2017, le challenge gourmand.\" srcset=\"https:\/\/la-maison.net\/wp-content\/uploads\/2017\/02\/MSG_WINECUP.jpg 600w, https:\/\/la-maison.net\/wp-content\/uploads\/2017\/02\/MSG_WINECUP-300x300.jpg 300w, https:\/\/la-maison.net\/wp-content\/uploads\/2017\/02\/MSG_WINECUP-100x100.jpg 100w, https:\/\/la-maison.net\/wp-content\/uploads\/2017\/02\/MSG_WINECUP-150x150.jpg 150w\" sizes=\"(max-width: 480px) 100vw, 480px\" \/>\t\t\t\t\t<\/a>\n\t\t\t\t<\/div>\n\t\t\t\t\t\t\t<div class=\"sow-blog-content-wrapper\"\n\t\t style=\"padding: 20px 25px;\">\n\t\t\t\t<header class=\"sow-entry-header\">\n\t\t\t<h4 class=\"sow-entry-title\" style=\"margin: 0 0 5px;\"><a href=\"https:\/\/la-maison.net\/index.php\/2017\/02\/15\/challenge-gourmand\/\" rel=\"bookmark\">Le challenge gourmand<\/a><\/h4>\t\t\t<div class=\"sow-entry-meta\">\n\t\t\t\t\n\t\t\n\t\t\n\t\t\t\t\t<\/div>\n\t\t<\/header>\n\n\t\t\t<\/div>\n<\/article>\n\t\t\t<\/div>\n\t\t\t\t\t\t\t\t<\/div>\n\t<\/div>","protected":false},"excerpt":{"rendered":"<p>D\u00e9gustation chez les c\u00e9ramistes. On p\u00e9trit, on tourne, on cuit et on d\u00e9guste. Un bel incentive cr\u00e9\u00e9, organis\u00e9 et anim\u00e9 par LA MAISON. Pour vos \u00e9v\u00e9nements de fin d&rsquo;ann\u00e9e, LA MAISON vous propose des solutions originales et qui ont du sens. #incentive #soireedefindannee #tasting #ceramique #findann\u00e9e #2020 #\u00e9v\u00e9nementielgourmand #cocktail #r\u00e9ception #incentive #challengegourmand #\u00e9quipes #paris #vospapillesalaf\u00eate&#8230;<\/p>\n","protected":false},"author":1,"featured_media":2761,"comment_status":"closed","ping_status":"closed","sticky":false,"template":"","format":"standard","meta":{"footnotes":""},"categories":[199],"tags":[],"class_list":["post-2755","post","type-post","status-publish","format-standard","has-post-thumbnail","hentry","category-the-food-and-wine-cup","blog-blocks-layout","blog-style-imgblock","","blog-alt-odd"],"yoast_head":"<!-- This site is optimized with the Yoast SEO plugin v24.1 - https:\/\/yoast.com\/wordpress\/plugins\/seo\/ -->\n<title>Histoires d&#039;assiettes\u2026 -<\/title>\n<meta name=\"robots\" content=\"index, follow, max-snippet:-1, max-image-preview:large, max-video-preview:-1\" \/>\n<link rel=\"canonical\" href=\"https:\/\/la-maison.net\/index.php\/2019\/11\/26\/histoires-dassiettes\/\" \/>\n<meta property=\"og:locale\" content=\"fr_FR\" \/>\n<meta property=\"og:type\" content=\"article\" \/>\n<meta property=\"og:title\" content=\"Histoires d&#039;assiettes\u2026 -\" \/>\n<meta property=\"og:description\" content=\"D\u00e9gustation chez les c\u00e9ramistes. On p\u00e9trit, on tourne, on cuit et on d\u00e9guste. Un bel incentive cr\u00e9\u00e9, organis\u00e9 et anim\u00e9 par LA MAISON. Pour vos \u00e9v\u00e9nements de fin d&rsquo;ann\u00e9e, LA MAISON vous propose des solutions originales et qui ont du sens. #incentive #soireedefindannee #tasting #ceramique #findann\u00e9e #2020 #\u00e9v\u00e9nementielgourmand #cocktail #r\u00e9ception #incentive #challengegourmand #\u00e9quipes #paris #vospapillesalaf\u00eate...\" \/>\n<meta property=\"og:url\" content=\"https:\/\/la-maison.net\/index.php\/2019\/11\/26\/histoires-dassiettes\/\" \/>\n<meta property=\"article:published_time\" content=\"2019-11-26T12:35:48+00:00\" \/>\n<meta property=\"article:modified_time\" content=\"2019-11-26T12:38:01+00:00\" \/>\n<meta property=\"og:image\" content=\"https:\/\/la-maison.net\/wp-content\/uploads\/2019\/11\/0.jpeg\" \/>\n\t<meta property=\"og:image:width\" content=\"1280\" \/>\n\t<meta property=\"og:image:height\" content=\"1280\" \/>\n\t<meta property=\"og:image:type\" content=\"image\/jpeg\" \/>\n<meta name=\"author\" content=\"Les H\u00f4tes\" \/>\n<meta name=\"twitter:card\" content=\"summary_large_image\" \/>\n<meta name=\"twitter:label1\" content=\"\u00c9crit par\" \/>\n\t<meta name=\"twitter:data1\" content=\"Les H\u00f4tes\" \/>\n<script type=\"application\/ld+json\" class=\"yoast-schema-graph\">{\"@context\":\"https:\/\/schema.org\",\"@graph\":[{\"@type\":\"Article\",\"@id\":\"https:\/\/la-maison.net\/index.php\/2019\/11\/26\/histoires-dassiettes\/#article\",\"isPartOf\":{\"@id\":\"https:\/\/la-maison.net\/index.php\/2019\/11\/26\/histoires-dassiettes\/\"},\"author\":{\"name\":\"Les H\u00f4tes\",\"@id\":\"https:\/\/la-maison.net\/#\/schema\/person\/7699b18ca24da5124f9de3a274cc42d4\"},\"headline\":\"Histoires d&rsquo;assiettes\u2026\",\"datePublished\":\"2019-11-26T12:35:48+00:00\",\"dateModified\":\"2019-11-26T12:38:01+00:00\",\"mainEntityOfPage\":{\"@id\":\"https:\/\/la-maison.net\/index.php\/2019\/11\/26\/histoires-dassiettes\/\"},\"wordCount\":75,\"publisher\":{\"@id\":\"https:\/\/la-maison.net\/#organization\"},\"image\":{\"@id\":\"https:\/\/la-maison.net\/index.php\/2019\/11\/26\/histoires-dassiettes\/#primaryimage\"},\"thumbnailUrl\":\"https:\/\/la-maison.net\/wp-content\/uploads\/2019\/11\/0.jpeg\",\"articleSection\":[\"THE FOOD AND WINE CUP\"],\"inLanguage\":\"fr-FR\"},{\"@type\":\"WebPage\",\"@id\":\"https:\/\/la-maison.net\/index.php\/2019\/11\/26\/histoires-dassiettes\/\",\"url\":\"https:\/\/la-maison.net\/index.php\/2019\/11\/26\/histoires-dassiettes\/\",\"name\":\"Histoires d'assiettes\u2026 -\",\"isPartOf\":{\"@id\":\"https:\/\/la-maison.net\/#website\"},\"primaryImageOfPage\":{\"@id\":\"https:\/\/la-maison.net\/index.php\/2019\/11\/26\/histoires-dassiettes\/#primaryimage\"},\"image\":{\"@id\":\"https:\/\/la-maison.net\/index.php\/2019\/11\/26\/histoires-dassiettes\/#primaryimage\"},\"thumbnailUrl\":\"https:\/\/la-maison.net\/wp-content\/uploads\/2019\/11\/0.jpeg\",\"datePublished\":\"2019-11-26T12:35:48+00:00\",\"dateModified\":\"2019-11-26T12:38:01+00:00\",\"breadcrumb\":{\"@id\":\"https:\/\/la-maison.net\/index.php\/2019\/11\/26\/histoires-dassiettes\/#breadcrumb\"},\"inLanguage\":\"fr-FR\",\"potentialAction\":[{\"@type\":\"ReadAction\",\"target\":[\"https:\/\/la-maison.net\/index.php\/2019\/11\/26\/histoires-dassiettes\/\"]}]},{\"@type\":\"ImageObject\",\"inLanguage\":\"fr-FR\",\"@id\":\"https:\/\/la-maison.net\/index.php\/2019\/11\/26\/histoires-dassiettes\/#primaryimage\",\"url\":\"https:\/\/la-maison.net\/wp-content\/uploads\/2019\/11\/0.jpeg\",\"contentUrl\":\"https:\/\/la-maison.net\/wp-content\/uploads\/2019\/11\/0.jpeg\",\"width\":1280,\"height\":1280},{\"@type\":\"BreadcrumbList\",\"@id\":\"https:\/\/la-maison.net\/index.php\/2019\/11\/26\/histoires-dassiettes\/#breadcrumb\",\"itemListElement\":[{\"@type\":\"ListItem\",\"position\":1,\"name\":\"Accueil\",\"item\":\"https:\/\/la-maison.net\/\"},{\"@type\":\"ListItem\",\"position\":2,\"name\":\"Histoires d&rsquo;assiettes\u2026\"}]},{\"@type\":\"WebSite\",\"@id\":\"https:\/\/la-maison.net\/#website\",\"url\":\"https:\/\/la-maison.net\/\",\"name\":\"la-maison.net\",\"description\":\"\",\"publisher\":{\"@id\":\"https:\/\/la-maison.net\/#organization\"},\"potentialAction\":[{\"@type\":\"SearchAction\",\"target\":{\"@type\":\"EntryPoint\",\"urlTemplate\":\"https:\/\/la-maison.net\/?s={search_term_string}\"},\"query-input\":{\"@type\":\"PropertyValueSpecification\",\"valueRequired\":true,\"valueName\":\"search_term_string\"}}],\"inLanguage\":\"fr-FR\"},{\"@type\":\"Organization\",\"@id\":\"https:\/\/la-maison.net\/#organization\",\"name\":\"La Maison\",\"url\":\"https:\/\/la-maison.net\/\",\"logo\":{\"@type\":\"ImageObject\",\"inLanguage\":\"fr-FR\",\"@id\":\"https:\/\/la-maison.net\/#\/schema\/logo\/image\/\",\"url\":\"https:\/\/la-maison.net\/wp-content\/uploads\/2018\/12\/cropped-logo-2019-e1580116215100.jpg\",\"contentUrl\":\"https:\/\/la-maison.net\/wp-content\/uploads\/2018\/12\/cropped-logo-2019-e1580116215100.jpg\",\"width\":384,\"height\":94,\"caption\":\"La Maison\"},\"image\":{\"@id\":\"https:\/\/la-maison.net\/#\/schema\/logo\/image\/\"}},{\"@type\":\"Person\",\"@id\":\"https:\/\/la-maison.net\/#\/schema\/person\/7699b18ca24da5124f9de3a274cc42d4\",\"name\":\"Les H\u00f4tes\",\"url\":\"https:\/\/la-maison.net\/index.php\/author\/mozart\/\"}]}<\/script>\n<!-- \/ Yoast SEO plugin. -->","yoast_head_json":{"title":"Histoires d'assiettes\u2026 -","robots":{"index":"index","follow":"follow","max-snippet":"max-snippet:-1","max-image-preview":"max-image-preview:large","max-video-preview":"max-video-preview:-1"},"canonical":"https:\/\/la-maison.net\/index.php\/2019\/11\/26\/histoires-dassiettes\/","og_locale":"fr_FR","og_type":"article","og_title":"Histoires d'assiettes\u2026 -","og_description":"D\u00e9gustation chez les c\u00e9ramistes. On p\u00e9trit, on tourne, on cuit et on d\u00e9guste. Un bel incentive cr\u00e9\u00e9, organis\u00e9 et anim\u00e9 par LA MAISON. Pour vos \u00e9v\u00e9nements de fin d&rsquo;ann\u00e9e, LA MAISON vous propose des solutions originales et qui ont du sens. #incentive #soireedefindannee #tasting #ceramique #findann\u00e9e #2020 #\u00e9v\u00e9nementielgourmand #cocktail #r\u00e9ception #incentive #challengegourmand #\u00e9quipes #paris #vospapillesalaf\u00eate...","og_url":"https:\/\/la-maison.net\/index.php\/2019\/11\/26\/histoires-dassiettes\/","article_published_time":"2019-11-26T12:35:48+00:00","article_modified_time":"2019-11-26T12:38:01+00:00","og_image":[{"width":1280,"height":1280,"url":"https:\/\/la-maison.net\/wp-content\/uploads\/2019\/11\/0.jpeg","type":"image\/jpeg"}],"author":"Les H\u00f4tes","twitter_card":"summary_large_image","twitter_misc":{"\u00c9crit par":"Les H\u00f4tes"},"schema":{"@context":"https:\/\/schema.org","@graph":[{"@type":"Article","@id":"https:\/\/la-maison.net\/index.php\/2019\/11\/26\/histoires-dassiettes\/#article","isPartOf":{"@id":"https:\/\/la-maison.net\/index.php\/2019\/11\/26\/histoires-dassiettes\/"},"author":{"name":"Les H\u00f4tes","@id":"https:\/\/la-maison.net\/#\/schema\/person\/7699b18ca24da5124f9de3a274cc42d4"},"headline":"Histoires d&rsquo;assiettes\u2026","datePublished":"2019-11-26T12:35:48+00:00","dateModified":"2019-11-26T12:38:01+00:00","mainEntityOfPage":{"@id":"https:\/\/la-maison.net\/index.php\/2019\/11\/26\/histoires-dassiettes\/"},"wordCount":75,"publisher":{"@id":"https:\/\/la-maison.net\/#organization"},"image":{"@id":"https:\/\/la-maison.net\/index.php\/2019\/11\/26\/histoires-dassiettes\/#primaryimage"},"thumbnailUrl":"https:\/\/la-maison.net\/wp-content\/uploads\/2019\/11\/0.jpeg","articleSection":["THE FOOD AND WINE CUP"],"inLanguage":"fr-FR"},{"@type":"WebPage","@id":"https:\/\/la-maison.net\/index.php\/2019\/11\/26\/histoires-dassiettes\/","url":"https:\/\/la-maison.net\/index.php\/2019\/11\/26\/histoires-dassiettes\/","name":"Histoires d'assiettes\u2026 -","isPartOf":{"@id":"https:\/\/la-maison.net\/#website"},"primaryImageOfPage":{"@id":"https:\/\/la-maison.net\/index.php\/2019\/11\/26\/histoires-dassiettes\/#primaryimage"},"image":{"@id":"https:\/\/la-maison.net\/index.php\/2019\/11\/26\/histoires-dassiettes\/#primaryimage"},"thumbnailUrl":"https:\/\/la-maison.net\/wp-content\/uploads\/2019\/11\/0.jpeg","datePublished":"2019-11-26T12:35:48+00:00","dateModified":"2019-11-26T12:38:01+00:00","breadcrumb":{"@id":"https:\/\/la-maison.net\/index.php\/2019\/11\/26\/histoires-dassiettes\/#breadcrumb"},"inLanguage":"fr-FR","potentialAction":[{"@type":"ReadAction","target":["https:\/\/la-maison.net\/index.php\/2019\/11\/26\/histoires-dassiettes\/"]}]},{"@type":"ImageObject","inLanguage":"fr-FR","@id":"https:\/\/la-maison.net\/index.php\/2019\/11\/26\/histoires-dassiettes\/#primaryimage","url":"https:\/\/la-maison.net\/wp-content\/uploads\/2019\/11\/0.jpeg","contentUrl":"https:\/\/la-maison.net\/wp-content\/uploads\/2019\/11\/0.jpeg","width":1280,"height":1280},{"@type":"BreadcrumbList","@id":"https:\/\/la-maison.net\/index.php\/2019\/11\/26\/histoires-dassiettes\/#breadcrumb","itemListElement":[{"@type":"ListItem","position":1,"name":"Accueil","item":"https:\/\/la-maison.net\/"},{"@type":"ListItem","position":2,"name":"Histoires d&rsquo;assiettes\u2026"}]},{"@type":"WebSite","@id":"https:\/\/la-maison.net\/#website","url":"https:\/\/la-maison.net\/","name":"la-maison.net","description":"","publisher":{"@id":"https:\/\/la-maison.net\/#organization"},"potentialAction":[{"@type":"SearchAction","target":{"@type":"EntryPoint","urlTemplate":"https:\/\/la-maison.net\/?s={search_term_string}"},"query-input":{"@type":"PropertyValueSpecification","valueRequired":true,"valueName":"search_term_string"}}],"inLanguage":"fr-FR"},{"@type":"Organization","@id":"https:\/\/la-maison.net\/#organization","name":"La Maison","url":"https:\/\/la-maison.net\/","logo":{"@type":"ImageObject","inLanguage":"fr-FR","@id":"https:\/\/la-maison.net\/#\/schema\/logo\/image\/","url":"https:\/\/la-maison.net\/wp-content\/uploads\/2018\/12\/cropped-logo-2019-e1580116215100.jpg","contentUrl":"https:\/\/la-maison.net\/wp-content\/uploads\/2018\/12\/cropped-logo-2019-e1580116215100.jpg","width":384,"height":94,"caption":"La Maison"},"image":{"@id":"https:\/\/la-maison.net\/#\/schema\/logo\/image\/"}},{"@type":"Person","@id":"https:\/\/la-maison.net\/#\/schema\/person\/7699b18ca24da5124f9de3a274cc42d4","name":"Les H\u00f4tes","url":"https:\/\/la-maison.net\/index.php\/author\/mozart\/"}]}},"_links":{"self":[{"href":"https:\/\/la-maison.net\/index.php\/wp-json\/wp\/v2\/posts\/2755"}],"collection":[{"href":"https:\/\/la-maison.net\/index.php\/wp-json\/wp\/v2\/posts"}],"about":[{"href":"https:\/\/la-maison.net\/index.php\/wp-json\/wp\/v2\/types\/post"}],"author":[{"embeddable":true,"href":"https:\/\/la-maison.net\/index.php\/wp-json\/wp\/v2\/users\/1"}],"replies":[{"embeddable":true,"href":"https:\/\/la-maison.net\/index.php\/wp-json\/wp\/v2\/comments?post=2755"}],"version-history":[{"count":2,"href":"https:\/\/la-maison.net\/index.php\/wp-json\/wp\/v2\/posts\/2755\/revisions"}],"predecessor-version":[{"id":2763,"href":"https:\/\/la-maison.net\/index.php\/wp-json\/wp\/v2\/posts\/2755\/revisions\/2763"}],"wp:featuredmedia":[{"embeddable":true,"href":"https:\/\/la-maison.net\/index.php\/wp-json\/wp\/v2\/media\/2761"}],"wp:attachment":[{"href":"https:\/\/la-maison.net\/index.php\/wp-json\/wp\/v2\/media?parent=2755"}],"wp:term":[{"taxonomy":"category","embeddable":true,"href":"https:\/\/la-maison.net\/index.php\/wp-json\/wp\/v2\/categories?post=2755"},{"taxonomy":"post_tag","embeddable":true,"href":"https:\/\/la-maison.net\/index.php\/wp-json\/wp\/v2\/tags?post=2755"}],"curies":[{"name":"wp","href":"https:\/\/api.w.org\/{rel}","templated":true}]}}