{"id":2193,"date":"2018-06-04T11:17:23","date_gmt":"2018-06-04T10:17:23","guid":{"rendered":"http:\/\/la-maison.net\/?p=2193"},"modified":"2018-10-16T16:21:47","modified_gmt":"2018-10-16T15:21:47","slug":"usm-parle-de-maison","status":"publish","type":"post","link":"https:\/\/la-maison.net\/index.php\/2018\/06\/04\/usm-parle-de-maison\/","title":{"rendered":"USM Parle de La Maison."},"content":{"rendered":"<p class=\"p1\"><span class=\"s1\">Voici le gentil message re\u00e7u de notre interlocuteur et client chez USM suite \u00e0 notre soir\u00e9e du 31 mai.<\/span><\/p>\n<p class=\"p1\"><em><span class=\"s1\">\u00ab\u00a0Les \u00e9chos que j\u2019ai pu avoir vendredi ont \u00e9t\u00e9 tout \u00e0 fait positifs concernant la prestation de votre \u00e9quipe, et vous remercie pour le bon d\u00e9roulement de cet \u00e9v\u00e9nement.\u00a0\u00bb<\/span><\/em><\/p>\n<div\n\t\t\t\n\t\t\tclass=\"so-widget-sow-blog so-widget-sow-blog-grid-c34ffc02d075\"\n\t\t\t\n\t\t>\t\t<div\n\t\tclass=\"sow-blog sow-blog-layout-grid\"\n\t\tdata-template=\"grid\"\n\t\tdata-settings=\"{&quot;columns&quot;:3,&quot;featured_image&quot;:true,&quot;featured_image_empty&quot;:true,&quot;featured_image_fallback&quot;:false,&quot;featured_image_size&quot;:&quot;&quot;,&quot;tag&quot;:&quot;h4&quot;,&quot;content&quot;:&quot;none&quot;,&quot;trim_manual_excerpt&quot;:&quot;&quot;,&quot;excerpt_length&quot;:55,&quot;excerpt_trim&quot;:&quot;&quot;,&quot;read_more_text&quot;:&quot;&quot;,&quot;date&quot;:false,&quot;author&quot;:false,&quot;filter_categories&quot;:false,&quot;categories&quot;:false,&quot;tags&quot;:false,&quot;comment_count&quot;:false,&quot;date_output_format&quot;:&quot;default&quot;,&quot;read_more&quot;:true,&quot;template&quot;:&quot;grid&quot;,&quot;pagination&quot;:&quot;disabled&quot;}\"\n\t\tdata-paged=\"1\"\n\t\tdata-paging-id=\"faabd4fc3f4a\"\n\t\tdata-total-pages=\"1\"\n\t\tdata-hash=\"109f1c2f\"\n\t>\n\t\t\n\t\t\t\t\t\t\t<div class=\"sow-blog-posts\">\n\t\t\t\t<article id=\"post-2251\" class=\"post-2251 post type-post status-publish format-standard has-post-thumbnail hentry category-le-gout-de-lentreprise tag-darmigny tag-leica blog-blocks-layout blog-style-imgblock  blog-alt-odd\" style=\"margin: 0 0 30px;\">\n\t\t\t\t\t<div class=\"sow-entry-thumbnail\">\n\t\t\t\t\t\t\t\t\t\t<a href=\"https:\/\/la-maison.net\/index.php\/2018\/10\/16\/francois-darmigny-chez-leica\/\">\n\t\t\t\t\t\t<img width=\"450\" height=\"310\" src=\"https:\/\/la-maison.net\/wp-content\/uploads\/2018\/10\/32140908_p.jpg\" class=\"attachment-sow-blog-grid size-sow-blog-grid wp-post-image\" alt=\"Aur\u00e9lie Dupont @francoisdarmigny\" srcset=\"https:\/\/la-maison.net\/wp-content\/uploads\/2018\/10\/32140908_p.jpg 450w, https:\/\/la-maison.net\/wp-content\/uploads\/2018\/10\/32140908_p-300x207.jpg 300w\" sizes=\"(max-width: 450px) 100vw, 450px\" \/>\t\t\t\t\t<\/a>\n\t\t\t\t<\/div>\n\t\t\t\t\t\t\t<div class=\"sow-blog-content-wrapper\"\n\t\t style=\"padding: 20px 25px;\">\n\t\t\t\t<header class=\"sow-entry-header\">\n\t\t\t<h4 class=\"sow-entry-title\" style=\"margin: 0 0 5px;\"><a href=\"https:\/\/la-maison.net\/index.php\/2018\/10\/16\/francois-darmigny-chez-leica\/\" rel=\"bookmark\">Fran\u00e7ois Darmigny chez LEICA<\/a><\/h4>\t\t\t<div class=\"sow-entry-meta\">\n\t\t\t\t\n\t\t\n\t\t\n\t\t\t\t\t<\/div>\n\t\t<\/header>\n\n\t\t\t<\/div>\n<\/article>\n<article id=\"post-2245\" class=\"post-2245 post type-post status-publish format-standard has-post-thumbnail hentry category-le-gout-de-lentreprise tag-evenement tag-japonais tag-nori tag-siree tag-vernissage blog-blocks-layout blog-style-imgblock  blog-alt-even\" style=\"margin: 0 0 30px;\">\n\t\t\t\t\t<div class=\"sow-entry-thumbnail\">\n\t\t\t\t\t\t\t\t\t\t<a href=\"https:\/\/la-maison.net\/index.php\/2018\/10\/16\/hom-nguyen-a2z\/\">\n\t\t\t\t\t\t<img width=\"480\" height=\"480\" src=\"https:\/\/la-maison.net\/wp-content\/uploads\/2018\/10\/43879842_10161092999915595_3693164617447505920_n.jpg\" class=\"attachment-sow-blog-grid size-sow-blog-grid wp-post-image\" alt=\"HOM NGUYEN. vernissage de l&#039;exposition DARKSIDE\" srcset=\"https:\/\/la-maison.net\/wp-content\/uploads\/2018\/10\/43879842_10161092999915595_3693164617447505920_n.jpg 960w, https:\/\/la-maison.net\/wp-content\/uploads\/2018\/10\/43879842_10161092999915595_3693164617447505920_n-300x300.jpg 300w, https:\/\/la-maison.net\/wp-content\/uploads\/2018\/10\/43879842_10161092999915595_3693164617447505920_n-100x100.jpg 100w, https:\/\/la-maison.net\/wp-content\/uploads\/2018\/10\/43879842_10161092999915595_3693164617447505920_n-600x600.jpg 600w, https:\/\/la-maison.net\/wp-content\/uploads\/2018\/10\/43879842_10161092999915595_3693164617447505920_n-150x150.jpg 150w, https:\/\/la-maison.net\/wp-content\/uploads\/2018\/10\/43879842_10161092999915595_3693164617447505920_n-768x768.jpg 768w\" sizes=\"(max-width: 480px) 100vw, 480px\" \/>\t\t\t\t\t<\/a>\n\t\t\t\t<\/div>\n\t\t\t\t\t\t\t<div class=\"sow-blog-content-wrapper\"\n\t\t style=\"padding: 20px 25px;\">\n\t\t\t\t<header class=\"sow-entry-header\">\n\t\t\t<h4 class=\"sow-entry-title\" style=\"margin: 0 0 5px;\"><a href=\"https:\/\/la-maison.net\/index.php\/2018\/10\/16\/hom-nguyen-a2z\/\" rel=\"bookmark\">Hom Nguyen \u00e0 la galerie A2Z.<\/a><\/h4>\t\t\t<div class=\"sow-entry-meta\">\n\t\t\t\t\n\t\t\n\t\t\n\t\t\t\t\t<\/div>\n\t\t<\/header>\n\n\t\t\t<\/div>\n<\/article>\n<article id=\"post-2218\" class=\"post-2218 post type-post status-publish format-standard has-post-thumbnail hentry category-le-gout-de-lentreprise category-non-classe tag-cockatil tag-le-gout-de-lentreprise blog-blocks-layout blog-style-imgblock  blog-alt-odd\" style=\"margin: 0 0 30px;\">\n\t\t\t\t\t<div class=\"sow-entry-thumbnail\">\n\t\t\t\t\t\t\t\t\t\t<a href=\"https:\/\/la-maison.net\/index.php\/2018\/10\/13\/le-gout-de-lentreprise\/\">\n\t\t\t\t\t\t<img width=\"461\" height=\"480\" src=\"https:\/\/la-maison.net\/wp-content\/uploads\/2018\/10\/DSC_0798-1-e1539414673612.jpeg\" class=\"attachment-sow-blog-grid size-sow-blog-grid wp-post-image\" alt=\"\" srcset=\"https:\/\/la-maison.net\/wp-content\/uploads\/2018\/10\/DSC_0798-1-e1539414673612.jpeg 796w, https:\/\/la-maison.net\/wp-content\/uploads\/2018\/10\/DSC_0798-1-e1539414673612-600x624.jpeg 600w, https:\/\/la-maison.net\/wp-content\/uploads\/2018\/10\/DSC_0798-1-e1539414673612-288x300.jpeg 288w, https:\/\/la-maison.net\/wp-content\/uploads\/2018\/10\/DSC_0798-1-e1539414673612-768x799.jpeg 768w\" sizes=\"(max-width: 461px) 100vw, 461px\" \/>\t\t\t\t\t<\/a>\n\t\t\t\t<\/div>\n\t\t\t\t\t\t\t<div class=\"sow-blog-content-wrapper\"\n\t\t style=\"padding: 20px 25px;\">\n\t\t\t\t<header class=\"sow-entry-header\">\n\t\t\t<h4 class=\"sow-entry-title\" style=\"margin: 0 0 5px;\"><a href=\"https:\/\/la-maison.net\/index.php\/2018\/10\/13\/le-gout-de-lentreprise\/\" rel=\"bookmark\">Le go\u00fbt de l&rsquo;entreprise.<\/a><\/h4>\t\t\t<div class=\"sow-entry-meta\">\n\t\t\t\t\n\t\t\n\t\t\n\t\t\t\t\t<\/div>\n\t\t<\/header>\n\n\t\t\t<\/div>\n<\/article>\n<article id=\"post-2201\" class=\"post-2201 post type-post status-publish format-standard has-post-thumbnail hentry category-le-gout-de-lentreprise blog-blocks-layout blog-style-imgblock  blog-alt-even\" style=\"margin: 0 0 30px;\">\n\t\t\t\t\t<div class=\"sow-entry-thumbnail\">\n\t\t\t\t\t\t\t\t\t\t<a href=\"https:\/\/la-maison.net\/index.php\/2018\/10\/01\/maison-se-deguise-fashion-week\/\">\n\t\t\t\t\t\t<img width=\"360\" height=\"480\" src=\"https:\/\/la-maison.net\/wp-content\/uploads\/2018\/10\/IMG_0458-e1538403713845.jpg\" class=\"attachment-sow-blog-grid size-sow-blog-grid wp-post-image\" alt=\"La galerie A2Z \u00e0 Paris\" srcset=\"https:\/\/la-maison.net\/wp-content\/uploads\/2018\/10\/IMG_0458-e1538403713845.jpg 960w, https:\/\/la-maison.net\/wp-content\/uploads\/2018\/10\/IMG_0458-e1538403713845-600x800.jpg 600w, https:\/\/la-maison.net\/wp-content\/uploads\/2018\/10\/IMG_0458-e1538403713845-225x300.jpg 225w, https:\/\/la-maison.net\/wp-content\/uploads\/2018\/10\/IMG_0458-e1538403713845-768x1024.jpg 768w\" sizes=\"(max-width: 360px) 100vw, 360px\" \/>\t\t\t\t\t<\/a>\n\t\t\t\t<\/div>\n\t\t\t\t\t\t\t<div class=\"sow-blog-content-wrapper\"\n\t\t style=\"padding: 20px 25px;\">\n\t\t\t\t<header class=\"sow-entry-header\">\n\t\t\t<h4 class=\"sow-entry-title\" style=\"margin: 0 0 5px;\"><a href=\"https:\/\/la-maison.net\/index.php\/2018\/10\/01\/maison-se-deguise-fashion-week\/\" rel=\"bookmark\">La Maison &#038; la Fashion Week.<\/a><\/h4>\t\t\t<div class=\"sow-entry-meta\">\n\t\t\t\t\n\t\t\n\t\t\n\t\t\t\t\t<\/div>\n\t\t<\/header>\n\n\t\t\t<\/div>\n<\/article>\n<article id=\"post-2186\" class=\"post-2186 post type-post status-publish format-standard has-post-thumbnail hentry category-le-gout-de-lentreprise category-site-corporate tag-cocktail tag-leica tag-usm blog-blocks-layout blog-style-imgblock  blog-alt-odd\" style=\"margin: 0 0 30px;\">\n\t\t\t\t\t<div class=\"sow-entry-thumbnail\">\n\t\t\t\t\t\t\t\t\t\t<a href=\"https:\/\/la-maison.net\/index.php\/2018\/06\/04\/leica-et-usm\/\">\n\t\t\t\t\t\t<img width=\"640\" height=\"480\" src=\"https:\/\/la-maison.net\/wp-content\/uploads\/2018\/06\/IMG_9858.jpg\" class=\"attachment-sow-blog-grid size-sow-blog-grid wp-post-image\" alt=\"Leica recommande la Maison aupr\u00e8s d&#039;USM\" srcset=\"https:\/\/la-maison.net\/wp-content\/uploads\/2018\/06\/IMG_9858.jpg 2016w, https:\/\/la-maison.net\/wp-content\/uploads\/2018\/06\/IMG_9858-600x450.jpg 600w, https:\/\/la-maison.net\/wp-content\/uploads\/2018\/06\/IMG_9858-300x225.jpg 300w, https:\/\/la-maison.net\/wp-content\/uploads\/2018\/06\/IMG_9858-768x576.jpg 768w, https:\/\/la-maison.net\/wp-content\/uploads\/2018\/06\/IMG_9858-1024x768.jpg 1024w\" sizes=\"(max-width: 640px) 100vw, 640px\" \/>\t\t\t\t\t<\/a>\n\t\t\t\t<\/div>\n\t\t\t\t\t\t\t<div class=\"sow-blog-content-wrapper\"\n\t\t style=\"padding: 20px 25px;\">\n\t\t\t\t<header class=\"sow-entry-header\">\n\t\t\t<h4 class=\"sow-entry-title\" style=\"margin: 0 0 5px;\"><a href=\"https:\/\/la-maison.net\/index.php\/2018\/06\/04\/leica-et-usm\/\" rel=\"bookmark\">Leica recommande La Maison.<\/a><\/h4>\t\t\t<div class=\"sow-entry-meta\">\n\t\t\t\t\n\t\t\n\t\t\n\t\t\t\t\t<\/div>\n\t\t<\/header>\n\n\t\t\t<\/div>\n<\/article>\n<article id=\"post-2107\" class=\"post-2107 post type-post status-publish format-standard has-post-thumbnail hentry category-le-gout-de-lentreprise category-the-food-and-wine-cup tag-bmw tag-bmw-motos tag-soiree-clients blog-blocks-layout blog-style-imgblock  blog-alt-even\" style=\"margin: 0 0 30px;\">\n\t\t\t\t\t<div class=\"sow-entry-thumbnail\">\n\t\t\t\t\t\t\t\t\t\t<a href=\"https:\/\/la-maison.net\/index.php\/2018\/02\/16\/bmw-moto-la-gourmandise-sur-deux-roues\/\">\n\t\t\t\t\t\t<img width=\"480\" height=\"480\" src=\"https:\/\/la-maison.net\/wp-content\/uploads\/2018\/02\/IMG_9331.jpg\" class=\"attachment-sow-blog-grid size-sow-blog-grid wp-post-image\" alt=\"BMW moto\" srcset=\"https:\/\/la-maison.net\/wp-content\/uploads\/2018\/02\/IMG_9331.jpg 2048w, https:\/\/la-maison.net\/wp-content\/uploads\/2018\/02\/IMG_9331-300x300.jpg 300w, https:\/\/la-maison.net\/wp-content\/uploads\/2018\/02\/IMG_9331-100x100.jpg 100w, https:\/\/la-maison.net\/wp-content\/uploads\/2018\/02\/IMG_9331-600x600.jpg 600w, https:\/\/la-maison.net\/wp-content\/uploads\/2018\/02\/IMG_9331-150x150.jpg 150w, https:\/\/la-maison.net\/wp-content\/uploads\/2018\/02\/IMG_9331-768x768.jpg 768w, https:\/\/la-maison.net\/wp-content\/uploads\/2018\/02\/IMG_9331-1024x1024.jpg 1024w\" sizes=\"(max-width: 480px) 100vw, 480px\" \/>\t\t\t\t\t<\/a>\n\t\t\t\t<\/div>\n\t\t\t\t\t\t\t<div class=\"sow-blog-content-wrapper\"\n\t\t style=\"padding: 20px 25px;\">\n\t\t\t\t<header class=\"sow-entry-header\">\n\t\t\t<h4 class=\"sow-entry-title\" style=\"margin: 0 0 5px;\"><a href=\"https:\/\/la-maison.net\/index.php\/2018\/02\/16\/bmw-moto-la-gourmandise-sur-deux-roues\/\" rel=\"bookmark\">BMW Moto : la gourmandise sur 2 roues.<\/a><\/h4>\t\t\t<div class=\"sow-entry-meta\">\n\t\t\t\t\n\t\t\n\t\t\n\t\t\t\t\t<\/div>\n\t\t<\/header>\n\n\t\t\t<\/div>\n<\/article>\n\t\t\t<\/div>\n\t\t\t\t\t\t\t\t<\/div>\n\t<\/div>","protected":false},"excerpt":{"rendered":"<p>Voici le gentil message re\u00e7u de notre interlocuteur et client chez USM suite \u00e0 notre soir\u00e9e du 31 mai. \u00ab\u00a0Les \u00e9chos que j\u2019ai pu avoir vendredi ont \u00e9t\u00e9 tout \u00e0 fait positifs concernant la prestation de votre \u00e9quipe, et vous remercie pour le bon d\u00e9roulement de cet \u00e9v\u00e9nement.\u00a0\u00bb<\/p>\n","protected":false},"author":1,"featured_media":2191,"comment_status":"closed","ping_status":"closed","sticky":false,"template":"","format":"quote","meta":{"footnotes":""},"categories":[263],"tags":[273,267],"class_list":["post-2193","post","type-post","status-publish","format-quote","has-post-thumbnail","hentry","category-le-gout-de-lentreprise","tag-remerciements","tag-usm","post_format-post-format-quote","blog-blocks-layout","blog-style-imgblock","","blog-alt-odd"],"yoast_head":"<!-- This site is optimized with the Yoast SEO plugin v24.1 - https:\/\/yoast.com\/wordpress\/plugins\/seo\/ -->\n<title>USM Parle de La Maison. -<\/title>\n<meta name=\"description\" content=\"USM remercie LA MAISON.\" \/>\n<meta name=\"robots\" content=\"index, follow, max-snippet:-1, max-image-preview:large, max-video-preview:-1\" \/>\n<link rel=\"canonical\" href=\"https:\/\/la-maison.net\/index.php\/2018\/06\/04\/usm-parle-de-maison\/\" \/>\n<meta property=\"og:locale\" content=\"fr_FR\" \/>\n<meta property=\"og:type\" content=\"article\" \/>\n<meta property=\"og:title\" content=\"USM Parle de La Maison. -\" \/>\n<meta property=\"og:description\" content=\"USM remercie LA MAISON.\" \/>\n<meta property=\"og:url\" content=\"https:\/\/la-maison.net\/index.php\/2018\/06\/04\/usm-parle-de-maison\/\" \/>\n<meta property=\"article:published_time\" content=\"2018-06-04T10:17:23+00:00\" \/>\n<meta property=\"article:modified_time\" content=\"2018-10-16T15:21:47+00:00\" \/>\n<meta property=\"og:image\" content=\"https:\/\/la-maison.net\/wp-content\/uploads\/2018\/06\/IMG_9876.jpg\" \/>\n\t<meta property=\"og:image:width\" content=\"1512\" \/>\n\t<meta property=\"og:image:height\" content=\"1512\" \/>\n\t<meta property=\"og:image:type\" content=\"image\/jpeg\" \/>\n<meta name=\"author\" content=\"Les H\u00f4tes\" \/>\n<meta name=\"twitter:card\" content=\"summary_large_image\" \/>\n<meta name=\"twitter:label1\" content=\"\u00c9crit par\" \/>\n\t<meta name=\"twitter:data1\" content=\"Les H\u00f4tes\" \/>\n<script type=\"application\/ld+json\" class=\"yoast-schema-graph\">{\"@context\":\"https:\/\/schema.org\",\"@graph\":[{\"@type\":\"Article\",\"@id\":\"https:\/\/la-maison.net\/index.php\/2018\/06\/04\/usm-parle-de-maison\/#article\",\"isPartOf\":{\"@id\":\"https:\/\/la-maison.net\/index.php\/2018\/06\/04\/usm-parle-de-maison\/\"},\"author\":{\"name\":\"Les H\u00f4tes\",\"@id\":\"https:\/\/la-maison.net\/#\/schema\/person\/7699b18ca24da5124f9de3a274cc42d4\"},\"headline\":\"USM Parle de La Maison.\",\"datePublished\":\"2018-06-04T10:17:23+00:00\",\"dateModified\":\"2018-10-16T15:21:47+00:00\",\"mainEntityOfPage\":{\"@id\":\"https:\/\/la-maison.net\/index.php\/2018\/06\/04\/usm-parle-de-maison\/\"},\"wordCount\":55,\"publisher\":{\"@id\":\"https:\/\/la-maison.net\/#organization\"},\"image\":{\"@id\":\"https:\/\/la-maison.net\/index.php\/2018\/06\/04\/usm-parle-de-maison\/#primaryimage\"},\"thumbnailUrl\":\"https:\/\/la-maison.net\/wp-content\/uploads\/2018\/06\/IMG_9876.jpg\",\"keywords\":[\"remerciements\",\"USM\"],\"articleSection\":[\"LE GO\u00dbT DE L'ENTREPRISE\"],\"inLanguage\":\"fr-FR\"},{\"@type\":\"WebPage\",\"@id\":\"https:\/\/la-maison.net\/index.php\/2018\/06\/04\/usm-parle-de-maison\/\",\"url\":\"https:\/\/la-maison.net\/index.php\/2018\/06\/04\/usm-parle-de-maison\/\",\"name\":\"USM Parle de La Maison. -\",\"isPartOf\":{\"@id\":\"https:\/\/la-maison.net\/#website\"},\"primaryImageOfPage\":{\"@id\":\"https:\/\/la-maison.net\/index.php\/2018\/06\/04\/usm-parle-de-maison\/#primaryimage\"},\"image\":{\"@id\":\"https:\/\/la-maison.net\/index.php\/2018\/06\/04\/usm-parle-de-maison\/#primaryimage\"},\"thumbnailUrl\":\"https:\/\/la-maison.net\/wp-content\/uploads\/2018\/06\/IMG_9876.jpg\",\"datePublished\":\"2018-06-04T10:17:23+00:00\",\"dateModified\":\"2018-10-16T15:21:47+00:00\",\"description\":\"USM remercie LA MAISON.\",\"breadcrumb\":{\"@id\":\"https:\/\/la-maison.net\/index.php\/2018\/06\/04\/usm-parle-de-maison\/#breadcrumb\"},\"inLanguage\":\"fr-FR\",\"potentialAction\":[{\"@type\":\"ReadAction\",\"target\":[\"https:\/\/la-maison.net\/index.php\/2018\/06\/04\/usm-parle-de-maison\/\"]}]},{\"@type\":\"ImageObject\",\"inLanguage\":\"fr-FR\",\"@id\":\"https:\/\/la-maison.net\/index.php\/2018\/06\/04\/usm-parle-de-maison\/#primaryimage\",\"url\":\"https:\/\/la-maison.net\/wp-content\/uploads\/2018\/06\/IMG_9876.jpg\",\"contentUrl\":\"https:\/\/la-maison.net\/wp-content\/uploads\/2018\/06\/IMG_9876.jpg\",\"width\":1512,\"height\":1512,\"caption\":\"Du design, encore du deisgn mais pas que design !\"},{\"@type\":\"BreadcrumbList\",\"@id\":\"https:\/\/la-maison.net\/index.php\/2018\/06\/04\/usm-parle-de-maison\/#breadcrumb\",\"itemListElement\":[{\"@type\":\"ListItem\",\"position\":1,\"name\":\"Accueil\",\"item\":\"https:\/\/la-maison.net\/\"},{\"@type\":\"ListItem\",\"position\":2,\"name\":\"USM Parle de La Maison.\"}]},{\"@type\":\"WebSite\",\"@id\":\"https:\/\/la-maison.net\/#website\",\"url\":\"https:\/\/la-maison.net\/\",\"name\":\"la-maison.net\",\"description\":\"\",\"publisher\":{\"@id\":\"https:\/\/la-maison.net\/#organization\"},\"potentialAction\":[{\"@type\":\"SearchAction\",\"target\":{\"@type\":\"EntryPoint\",\"urlTemplate\":\"https:\/\/la-maison.net\/?s={search_term_string}\"},\"query-input\":{\"@type\":\"PropertyValueSpecification\",\"valueRequired\":true,\"valueName\":\"search_term_string\"}}],\"inLanguage\":\"fr-FR\"},{\"@type\":\"Organization\",\"@id\":\"https:\/\/la-maison.net\/#organization\",\"name\":\"La Maison\",\"url\":\"https:\/\/la-maison.net\/\",\"logo\":{\"@type\":\"ImageObject\",\"inLanguage\":\"fr-FR\",\"@id\":\"https:\/\/la-maison.net\/#\/schema\/logo\/image\/\",\"url\":\"https:\/\/la-maison.net\/wp-content\/uploads\/2018\/12\/cropped-logo-2019-e1580116215100.jpg\",\"contentUrl\":\"https:\/\/la-maison.net\/wp-content\/uploads\/2018\/12\/cropped-logo-2019-e1580116215100.jpg\",\"width\":384,\"height\":94,\"caption\":\"La Maison\"},\"image\":{\"@id\":\"https:\/\/la-maison.net\/#\/schema\/logo\/image\/\"}},{\"@type\":\"Person\",\"@id\":\"https:\/\/la-maison.net\/#\/schema\/person\/7699b18ca24da5124f9de3a274cc42d4\",\"name\":\"Les H\u00f4tes\",\"url\":\"https:\/\/la-maison.net\/index.php\/author\/mozart\/\"}]}<\/script>\n<!-- \/ Yoast SEO plugin. -->","yoast_head_json":{"title":"USM Parle de La Maison. -","description":"USM remercie LA MAISON.","robots":{"index":"index","follow":"follow","max-snippet":"max-snippet:-1","max-image-preview":"max-image-preview:large","max-video-preview":"max-video-preview:-1"},"canonical":"https:\/\/la-maison.net\/index.php\/2018\/06\/04\/usm-parle-de-maison\/","og_locale":"fr_FR","og_type":"article","og_title":"USM Parle de La Maison. -","og_description":"USM remercie LA MAISON.","og_url":"https:\/\/la-maison.net\/index.php\/2018\/06\/04\/usm-parle-de-maison\/","article_published_time":"2018-06-04T10:17:23+00:00","article_modified_time":"2018-10-16T15:21:47+00:00","og_image":[{"width":1512,"height":1512,"url":"https:\/\/la-maison.net\/wp-content\/uploads\/2018\/06\/IMG_9876.jpg","type":"image\/jpeg"}],"author":"Les H\u00f4tes","twitter_card":"summary_large_image","twitter_misc":{"\u00c9crit par":"Les H\u00f4tes"},"schema":{"@context":"https:\/\/schema.org","@graph":[{"@type":"Article","@id":"https:\/\/la-maison.net\/index.php\/2018\/06\/04\/usm-parle-de-maison\/#article","isPartOf":{"@id":"https:\/\/la-maison.net\/index.php\/2018\/06\/04\/usm-parle-de-maison\/"},"author":{"name":"Les H\u00f4tes","@id":"https:\/\/la-maison.net\/#\/schema\/person\/7699b18ca24da5124f9de3a274cc42d4"},"headline":"USM Parle de La Maison.","datePublished":"2018-06-04T10:17:23+00:00","dateModified":"2018-10-16T15:21:47+00:00","mainEntityOfPage":{"@id":"https:\/\/la-maison.net\/index.php\/2018\/06\/04\/usm-parle-de-maison\/"},"wordCount":55,"publisher":{"@id":"https:\/\/la-maison.net\/#organization"},"image":{"@id":"https:\/\/la-maison.net\/index.php\/2018\/06\/04\/usm-parle-de-maison\/#primaryimage"},"thumbnailUrl":"https:\/\/la-maison.net\/wp-content\/uploads\/2018\/06\/IMG_9876.jpg","keywords":["remerciements","USM"],"articleSection":["LE GO\u00dbT DE L'ENTREPRISE"],"inLanguage":"fr-FR"},{"@type":"WebPage","@id":"https:\/\/la-maison.net\/index.php\/2018\/06\/04\/usm-parle-de-maison\/","url":"https:\/\/la-maison.net\/index.php\/2018\/06\/04\/usm-parle-de-maison\/","name":"USM Parle de La Maison. -","isPartOf":{"@id":"https:\/\/la-maison.net\/#website"},"primaryImageOfPage":{"@id":"https:\/\/la-maison.net\/index.php\/2018\/06\/04\/usm-parle-de-maison\/#primaryimage"},"image":{"@id":"https:\/\/la-maison.net\/index.php\/2018\/06\/04\/usm-parle-de-maison\/#primaryimage"},"thumbnailUrl":"https:\/\/la-maison.net\/wp-content\/uploads\/2018\/06\/IMG_9876.jpg","datePublished":"2018-06-04T10:17:23+00:00","dateModified":"2018-10-16T15:21:47+00:00","description":"USM remercie LA MAISON.","breadcrumb":{"@id":"https:\/\/la-maison.net\/index.php\/2018\/06\/04\/usm-parle-de-maison\/#breadcrumb"},"inLanguage":"fr-FR","potentialAction":[{"@type":"ReadAction","target":["https:\/\/la-maison.net\/index.php\/2018\/06\/04\/usm-parle-de-maison\/"]}]},{"@type":"ImageObject","inLanguage":"fr-FR","@id":"https:\/\/la-maison.net\/index.php\/2018\/06\/04\/usm-parle-de-maison\/#primaryimage","url":"https:\/\/la-maison.net\/wp-content\/uploads\/2018\/06\/IMG_9876.jpg","contentUrl":"https:\/\/la-maison.net\/wp-content\/uploads\/2018\/06\/IMG_9876.jpg","width":1512,"height":1512,"caption":"Du design, encore du deisgn mais pas que design !"},{"@type":"BreadcrumbList","@id":"https:\/\/la-maison.net\/index.php\/2018\/06\/04\/usm-parle-de-maison\/#breadcrumb","itemListElement":[{"@type":"ListItem","position":1,"name":"Accueil","item":"https:\/\/la-maison.net\/"},{"@type":"ListItem","position":2,"name":"USM Parle de La Maison."}]},{"@type":"WebSite","@id":"https:\/\/la-maison.net\/#website","url":"https:\/\/la-maison.net\/","name":"la-maison.net","description":"","publisher":{"@id":"https:\/\/la-maison.net\/#organization"},"potentialAction":[{"@type":"SearchAction","target":{"@type":"EntryPoint","urlTemplate":"https:\/\/la-maison.net\/?s={search_term_string}"},"query-input":{"@type":"PropertyValueSpecification","valueRequired":true,"valueName":"search_term_string"}}],"inLanguage":"fr-FR"},{"@type":"Organization","@id":"https:\/\/la-maison.net\/#organization","name":"La Maison","url":"https:\/\/la-maison.net\/","logo":{"@type":"ImageObject","inLanguage":"fr-FR","@id":"https:\/\/la-maison.net\/#\/schema\/logo\/image\/","url":"https:\/\/la-maison.net\/wp-content\/uploads\/2018\/12\/cropped-logo-2019-e1580116215100.jpg","contentUrl":"https:\/\/la-maison.net\/wp-content\/uploads\/2018\/12\/cropped-logo-2019-e1580116215100.jpg","width":384,"height":94,"caption":"La Maison"},"image":{"@id":"https:\/\/la-maison.net\/#\/schema\/logo\/image\/"}},{"@type":"Person","@id":"https:\/\/la-maison.net\/#\/schema\/person\/7699b18ca24da5124f9de3a274cc42d4","name":"Les H\u00f4tes","url":"https:\/\/la-maison.net\/index.php\/author\/mozart\/"}]}},"_links":{"self":[{"href":"https:\/\/la-maison.net\/index.php\/wp-json\/wp\/v2\/posts\/2193"}],"collection":[{"href":"https:\/\/la-maison.net\/index.php\/wp-json\/wp\/v2\/posts"}],"about":[{"href":"https:\/\/la-maison.net\/index.php\/wp-json\/wp\/v2\/types\/post"}],"author":[{"embeddable":true,"href":"https:\/\/la-maison.net\/index.php\/wp-json\/wp\/v2\/users\/1"}],"replies":[{"embeddable":true,"href":"https:\/\/la-maison.net\/index.php\/wp-json\/wp\/v2\/comments?post=2193"}],"version-history":[{"count":1,"href":"https:\/\/la-maison.net\/index.php\/wp-json\/wp\/v2\/posts\/2193\/revisions"}],"predecessor-version":[{"id":2194,"href":"https:\/\/la-maison.net\/index.php\/wp-json\/wp\/v2\/posts\/2193\/revisions\/2194"}],"wp:featuredmedia":[{"embeddable":true,"href":"https:\/\/la-maison.net\/index.php\/wp-json\/wp\/v2\/media\/2191"}],"wp:attachment":[{"href":"https:\/\/la-maison.net\/index.php\/wp-json\/wp\/v2\/media?parent=2193"}],"wp:term":[{"taxonomy":"category","embeddable":true,"href":"https:\/\/la-maison.net\/index.php\/wp-json\/wp\/v2\/categories?post=2193"},{"taxonomy":"post_tag","embeddable":true,"href":"https:\/\/la-maison.net\/index.php\/wp-json\/wp\/v2\/tags?post=2193"}],"curies":[{"name":"wp","href":"https:\/\/api.w.org\/{rel}","templated":true}]}}