{"id":1935,"date":"2017-03-22T18:24:09","date_gmt":"2017-03-22T17:24:09","guid":{"rendered":"http:\/\/la-maison.net\/?p=1935"},"modified":"2017-03-29T21:33:53","modified_gmt":"2017-03-29T20:33:53","slug":"degustons-la-nouvelle-audi-q7-e-tron","status":"publish","type":"post","link":"https:\/\/la-maison.net\/index.php\/2017\/03\/22\/degustons-la-nouvelle-audi-q7-e-tron\/","title":{"rendered":"D\u00e9gustons diff\u00e9remment la nouvelle Audi Q7 e-tron."},"content":{"rendered":"<p>Le jeudi 4 mai de 19:00 \u00e0 21:00<br \/>\nD\u00e9gustons diff\u00e9remment la nouvelle Audi Q7 e-tron.<\/p>\n<p>Nous vous proposons de participer \u00e0 cet \u00e9v\u00e9nement aux c\u00f4t\u00e9s de nos autres partenaires. <\/p>\n<p>Nos engagements : <\/p>\n<p>&#8211; Vous apporter un \u00e9v\u00e9nementiel de grande qualit\u00e9 en g\u00e9rant les d\u00e9tails de la conception, l\u2019organisation et la communication.<br \/>\n&#8211; Vous accueillir vous et vos invit\u00e9s dans un lieu d\u2019exception.<br \/>\n&#8211; Accueillir 48 participants maximum pour conserver une valeur ajout\u00e9e \u00e0 votre \u00e9v\u00e9nement et une belle qualit\u00e9 d\u2019\u00e9changes.<\/p>\n<p>En optant pour une formule, votre logo et un texte de 50 signes sont int\u00e9gr\u00e9s \u00e0 l\u2019invitation num\u00e9rique envoy\u00e9e. Vous b\u00e9n\u00e9ficiez du nombre d\u2019invitations correspondant au PASS choisi. Vous n\u2019avez rien \u00e0 faire. Tout est organis\u00e9 pour vous.<\/p>\n<p>Pour les GOLDPASS10 et GOLDPASS8, vous b\u00e9n\u00e9ficiez de plus de 6 minutes durant la soir\u00e9e pour pr\u00e9senter votre entreprise, produit ou service.<\/p>\n<div\n\t\t\t\n\t\t\tclass=\"so-widget-sow-blog so-widget-sow-blog-grid-c34ffc02d075\"\n\t\t\t\n\t\t>\t\t<div\n\t\tclass=\"sow-blog sow-blog-layout-grid\"\n\t\tdata-template=\"grid\"\n\t\tdata-settings=\"{&quot;columns&quot;:3,&quot;featured_image&quot;:true,&quot;featured_image_empty&quot;:true,&quot;featured_image_fallback&quot;:false,&quot;featured_image_size&quot;:&quot;&quot;,&quot;tag&quot;:&quot;h4&quot;,&quot;content&quot;:&quot;none&quot;,&quot;trim_manual_excerpt&quot;:&quot;&quot;,&quot;excerpt_length&quot;:55,&quot;excerpt_trim&quot;:&quot;&quot;,&quot;read_more_text&quot;:&quot;&quot;,&quot;date&quot;:false,&quot;author&quot;:false,&quot;filter_categories&quot;:false,&quot;categories&quot;:false,&quot;tags&quot;:false,&quot;comment_count&quot;:false,&quot;date_output_format&quot;:&quot;default&quot;,&quot;read_more&quot;:true,&quot;template&quot;:&quot;grid&quot;,&quot;pagination&quot;:&quot;disabled&quot;}\"\n\t\tdata-paged=\"1\"\n\t\tdata-paging-id=\"faabd4fc3f4a\"\n\t\tdata-total-pages=\"1\"\n\t\tdata-hash=\"109f1c2f\"\n\t>\n\t\t\n\t\t\t\t\t\t\t<div class=\"sow-blog-posts\">\n\t\t\t\t<article id=\"post-2074\" class=\"post-2074 post type-post status-publish format-standard has-post-thumbnail hentry category-levenement-partage tag-carnaval blog-blocks-layout blog-style-imgblock  blog-alt-odd\" style=\"margin: 0 0 30px;\">\n\t\t\t\t\t<div class=\"sow-entry-thumbnail\">\n\t\t\t\t\t\t\t\t\t\t<a href=\"https:\/\/la-maison.net\/index.php\/2018\/02\/16\/carnaval-papilles-2018\/\">\n\t\t\t\t\t\t<img width=\"411\" height=\"480\" src=\"https:\/\/la-maison.net\/wp-content\/uploads\/2018\/02\/IMG_0466.jpeg\" class=\"attachment-sow-blog-grid size-sow-blog-grid wp-post-image\" alt=\"\" srcset=\"https:\/\/la-maison.net\/wp-content\/uploads\/2018\/02\/IMG_0466.jpeg 508w, https:\/\/la-maison.net\/wp-content\/uploads\/2018\/02\/IMG_0466-257x300.jpeg 257w\" sizes=\"(max-width: 411px) 100vw, 411px\" \/>\t\t\t\t\t<\/a>\n\t\t\t\t<\/div>\n\t\t\t\t\t\t\t<div class=\"sow-blog-content-wrapper\"\n\t\t style=\"padding: 20px 25px;\">\n\t\t\t\t<header class=\"sow-entry-header\">\n\t\t\t<h4 class=\"sow-entry-title\" style=\"margin: 0 0 5px;\"><a href=\"https:\/\/la-maison.net\/index.php\/2018\/02\/16\/carnaval-papilles-2018\/\" rel=\"bookmark\">Le Carnaval des Papilles.<\/a><\/h4>\t\t\t<div class=\"sow-entry-meta\">\n\t\t\t\t\n\t\t\n\t\t\n\t\t\t\t\t<\/div>\n\t\t<\/header>\n\n\t\t\t<\/div>\n<\/article>\n<article id=\"post-2032\" class=\"post-2032 post type-post status-publish format-image has-post-thumbnail hentry category-levenement-partage tag-bresil tag-carnaval post_format-post-format-image blog-blocks-layout blog-style-imgblock  blog-alt-even\" style=\"margin: 0 0 30px;\">\n\t\t\t\t\t<div class=\"sow-entry-thumbnail\">\n\t\t\t\t\t\t\t\t\t\t<a href=\"https:\/\/la-maison.net\/index.php\/2018\/02\/09\/bouteille-masquee-13-fevrier-entre-nouvel-an-chinois-carnaval-bonne-dose-de-bresil\/\">\n\t\t\t\t\t\t<img width=\"360\" height=\"480\" src=\"https:\/\/la-maison.net\/wp-content\/uploads\/2018\/02\/27752056_2026432917593871_1830653651416786763_n.jpg\" class=\"attachment-sow-blog-grid size-sow-blog-grid wp-post-image\" alt=\"bouteille masqu\u00e9e.\" srcset=\"https:\/\/la-maison.net\/wp-content\/uploads\/2018\/02\/27752056_2026432917593871_1830653651416786763_n.jpg 720w, https:\/\/la-maison.net\/wp-content\/uploads\/2018\/02\/27752056_2026432917593871_1830653651416786763_n-600x800.jpg 600w, https:\/\/la-maison.net\/wp-content\/uploads\/2018\/02\/27752056_2026432917593871_1830653651416786763_n-225x300.jpg 225w\" sizes=\"(max-width: 360px) 100vw, 360px\" \/>\t\t\t\t\t<\/a>\n\t\t\t\t<\/div>\n\t\t\t\t\t\t\t<div class=\"sow-blog-content-wrapper\"\n\t\t style=\"padding: 20px 25px;\">\n\t\t\t\t<header class=\"sow-entry-header\">\n\t\t\t<h4 class=\"sow-entry-title\" style=\"margin: 0 0 5px;\"><a href=\"https:\/\/la-maison.net\/index.php\/2018\/02\/09\/bouteille-masquee-13-fevrier-entre-nouvel-an-chinois-carnaval-bonne-dose-de-bresil\/\" rel=\"bookmark\">Bouteille masqu\u00e9e pour le 13 f\u00e9vrier.<\/a><\/h4>\t\t\t<div class=\"sow-entry-meta\">\n\t\t\t\t\n\t\t\n\t\t\n\t\t\t\t\t<\/div>\n\t\t<\/header>\n\n\t\t\t<\/div>\n<\/article>\n<article id=\"post-2029\" class=\"post-2029 post type-post status-publish format-standard has-post-thumbnail hentry category-levenement-partage blog-blocks-layout blog-style-imgblock  blog-alt-odd\" style=\"margin: 0 0 30px;\">\n\t\t\t\t\t<div class=\"sow-entry-thumbnail\">\n\t\t\t\t\t\t\t\t\t\t<a href=\"https:\/\/la-maison.net\/index.php\/2018\/02\/02\/carnaval-papilles-13-fevrier\/\">\n\t\t\t\t\t\t<img width=\"339\" height=\"480\" src=\"https:\/\/la-maison.net\/wp-content\/uploads\/2018\/02\/degustons_7.jpg\" class=\"attachment-sow-blog-grid size-sow-blog-grid wp-post-image\" alt=\"\" srcset=\"https:\/\/la-maison.net\/wp-content\/uploads\/2018\/02\/degustons_7.jpg 2480w, https:\/\/la-maison.net\/wp-content\/uploads\/2018\/02\/degustons_7-600x849.jpg 600w, https:\/\/la-maison.net\/wp-content\/uploads\/2018\/02\/degustons_7-212x300.jpg 212w, https:\/\/la-maison.net\/wp-content\/uploads\/2018\/02\/degustons_7-768x1086.jpg 768w, https:\/\/la-maison.net\/wp-content\/uploads\/2018\/02\/degustons_7-724x1024.jpg 724w\" sizes=\"(max-width: 339px) 100vw, 339px\" \/>\t\t\t\t\t<\/a>\n\t\t\t\t<\/div>\n\t\t\t\t\t\t\t<div class=\"sow-blog-content-wrapper\"\n\t\t style=\"padding: 20px 25px;\">\n\t\t\t\t<header class=\"sow-entry-header\">\n\t\t\t<h4 class=\"sow-entry-title\" style=\"margin: 0 0 5px;\"><a href=\"https:\/\/la-maison.net\/index.php\/2018\/02\/02\/carnaval-papilles-13-fevrier\/\" rel=\"bookmark\">Carnaval pour les papilles le 13 f\u00e9vrier.<\/a><\/h4>\t\t\t<div class=\"sow-entry-meta\">\n\t\t\t\t\n\t\t\n\t\t\n\t\t\t\t\t<\/div>\n\t\t<\/header>\n\n\t\t\t<\/div>\n<\/article>\n<article id=\"post-2011\" class=\"post-2011 post type-post status-publish format-video has-post-thumbnail hentry category-buzz category-levenement-partage category-live-tasting post_format-post-format-video blog-blocks-layout blog-style-imgblock  blog-alt-even\" style=\"margin: 0 0 30px;\">\n\t\t\t\t\t<div class=\"sow-entry-thumbnail\">\n\t\t\t\t\t\t\t\t\t\t<a href=\"https:\/\/la-maison.net\/index.php\/2017\/09\/19\/chez-leica-autrement\/\">\n\t\t\t\t\t\t<img width=\"720\" height=\"405\" src=\"https:\/\/la-maison.net\/wp-content\/uploads\/2017\/09\/Leica.jpg\" class=\"attachment-sow-blog-grid size-sow-blog-grid wp-post-image\" alt=\"Leica\" srcset=\"https:\/\/la-maison.net\/wp-content\/uploads\/2017\/09\/Leica.jpg 960w, https:\/\/la-maison.net\/wp-content\/uploads\/2017\/09\/Leica-600x338.jpg 600w, https:\/\/la-maison.net\/wp-content\/uploads\/2017\/09\/Leica-300x169.jpg 300w, https:\/\/la-maison.net\/wp-content\/uploads\/2017\/09\/Leica-768x432.jpg 768w\" sizes=\"(max-width: 720px) 100vw, 720px\" \/>\t\t\t\t\t<\/a>\n\t\t\t\t<\/div>\n\t\t\t\t\t\t\t<div class=\"sow-blog-content-wrapper\"\n\t\t style=\"padding: 20px 25px;\">\n\t\t\t\t<header class=\"sow-entry-header\">\n\t\t\t<h4 class=\"sow-entry-title\" style=\"margin: 0 0 5px;\"><a href=\"https:\/\/la-maison.net\/index.php\/2017\/09\/19\/chez-leica-autrement\/\" rel=\"bookmark\">Chez Leica, autrement\u2026<\/a><\/h4>\t\t\t<div class=\"sow-entry-meta\">\n\t\t\t\t\n\t\t\n\t\t\n\t\t\t\t\t<\/div>\n\t\t<\/header>\n\n\t\t\t<\/div>\n<\/article>\n<article id=\"post-2003\" class=\"post-2003 post type-post status-publish format-standard has-post-thumbnail hentry category-levenement-partage category-live-tasting tag-bowie tag-leica tag-tasting tag-vin tag-wine tag-world blog-blocks-layout blog-style-imgblock  blog-alt-odd\" style=\"margin: 0 0 30px;\">\n\t\t\t\t\t<div class=\"sow-entry-thumbnail\">\n\t\t\t\t\t\t\t\t\t\t<a href=\"https:\/\/la-maison.net\/index.php\/2017\/06\/03\/le-21-juin\/\">\n\t\t\t\t\t\t<img width=\"472\" height=\"480\" src=\"https:\/\/la-maison.net\/wp-content\/uploads\/2017\/06\/invit_FB.jpg\" class=\"attachment-sow-blog-grid size-sow-blog-grid wp-post-image\" alt=\"La Maison chez Leica le 21 juin prochain.\" srcset=\"https:\/\/la-maison.net\/wp-content\/uploads\/2017\/06\/invit_FB.jpg 898w, https:\/\/la-maison.net\/wp-content\/uploads\/2017\/06\/invit_FB-600x611.jpg 600w, https:\/\/la-maison.net\/wp-content\/uploads\/2017\/06\/invit_FB-295x300.jpg 295w, https:\/\/la-maison.net\/wp-content\/uploads\/2017\/06\/invit_FB-768x782.jpg 768w\" sizes=\"(max-width: 472px) 100vw, 472px\" \/>\t\t\t\t\t<\/a>\n\t\t\t\t<\/div>\n\t\t\t\t\t\t\t<div class=\"sow-blog-content-wrapper\"\n\t\t style=\"padding: 20px 25px;\">\n\t\t\t\t<header class=\"sow-entry-header\">\n\t\t\t<h4 class=\"sow-entry-title\" style=\"margin: 0 0 5px;\"><a href=\"https:\/\/la-maison.net\/index.php\/2017\/06\/03\/le-21-juin\/\" rel=\"bookmark\">Le 21 juin prochain, l&rsquo;\u00e9v\u00e9nement partag\u00e9 s&rsquo;installe au LEICA STORE Faubourg Saint-Honor\u00e9.<\/a><\/h4>\t\t\t<div class=\"sow-entry-meta\">\n\t\t\t\t\n\t\t\n\t\t\n\t\t\t\t\t<\/div>\n\t\t<\/header>\n\n\t\t\t<\/div>\n<\/article>\n<article id=\"post-1998\" class=\"post-1998 post type-post status-publish format-standard has-post-thumbnail hentry category-buzz category-levenement-partage category-non-classe blog-blocks-layout blog-style-imgblock  blog-alt-even\" style=\"margin: 0 0 30px;\">\n\t\t\t\t\t<div class=\"sow-entry-thumbnail\">\n\t\t\t\t\t\t\t\t\t\t<a href=\"https:\/\/la-maison.net\/index.php\/2017\/05\/17\/chez-audi-autrement\/\">\n\t\t\t\t\t\t<img width=\"480\" height=\"480\" src=\"https:\/\/la-maison.net\/wp-content\/uploads\/2017\/05\/18222145_287669585007037_6645465915684907142_n.jpg\" class=\"attachment-sow-blog-grid size-sow-blog-grid wp-post-image\" alt=\"LA MAISON chez AUDI BAUER\" srcset=\"https:\/\/la-maison.net\/wp-content\/uploads\/2017\/05\/18222145_287669585007037_6645465915684907142_n.jpg 526w, https:\/\/la-maison.net\/wp-content\/uploads\/2017\/05\/18222145_287669585007037_6645465915684907142_n-300x300.jpg 300w, https:\/\/la-maison.net\/wp-content\/uploads\/2017\/05\/18222145_287669585007037_6645465915684907142_n-100x100.jpg 100w, https:\/\/la-maison.net\/wp-content\/uploads\/2017\/05\/18222145_287669585007037_6645465915684907142_n-150x150.jpg 150w\" sizes=\"(max-width: 480px) 100vw, 480px\" \/>\t\t\t\t\t<\/a>\n\t\t\t\t<\/div>\n\t\t\t\t\t\t\t<div class=\"sow-blog-content-wrapper\"\n\t\t style=\"padding: 20px 25px;\">\n\t\t\t\t<header class=\"sow-entry-header\">\n\t\t\t<h4 class=\"sow-entry-title\" style=\"margin: 0 0 5px;\"><a href=\"https:\/\/la-maison.net\/index.php\/2017\/05\/17\/chez-audi-autrement\/\" rel=\"bookmark\">Chez Audi, autrement\u2026<\/a><\/h4>\t\t\t<div class=\"sow-entry-meta\">\n\t\t\t\t\n\t\t\n\t\t\n\t\t\t\t\t<\/div>\n\t\t<\/header>\n\n\t\t\t<\/div>\n<\/article>\n<article id=\"post-1961\" class=\"post-1961 post type-post status-publish format-standard has-post-thumbnail hentry category-levenement-partage blog-blocks-layout blog-style-imgblock  blog-alt-odd\" style=\"margin: 0 0 30px;\">\n\t\t\t\t\t<div class=\"sow-entry-thumbnail\">\n\t\t\t\t\t\t\t\t\t\t<a href=\"https:\/\/la-maison.net\/index.php\/2017\/05\/06\/audi-bauer-la-maison\/\">\n\t\t\t\t\t\t<img width=\"480\" height=\"480\" src=\"https:\/\/la-maison.net\/wp-content\/uploads\/2017\/05\/18275099_287670988340230_805156865462743133_n.jpg\" class=\"attachment-sow-blog-grid size-sow-blog-grid wp-post-image\" alt=\"\" srcset=\"https:\/\/la-maison.net\/wp-content\/uploads\/2017\/05\/18275099_287670988340230_805156865462743133_n.jpg 526w, https:\/\/la-maison.net\/wp-content\/uploads\/2017\/05\/18275099_287670988340230_805156865462743133_n-300x300.jpg 300w, https:\/\/la-maison.net\/wp-content\/uploads\/2017\/05\/18275099_287670988340230_805156865462743133_n-100x100.jpg 100w, https:\/\/la-maison.net\/wp-content\/uploads\/2017\/05\/18275099_287670988340230_805156865462743133_n-150x150.jpg 150w\" sizes=\"(max-width: 480px) 100vw, 480px\" \/>\t\t\t\t\t<\/a>\n\t\t\t\t<\/div>\n\t\t\t\t\t\t\t<div class=\"sow-blog-content-wrapper\"\n\t\t style=\"padding: 20px 25px;\">\n\t\t\t\t<header class=\"sow-entry-header\">\n\t\t\t<h4 class=\"sow-entry-title\" style=\"margin: 0 0 5px;\"><a href=\"https:\/\/la-maison.net\/index.php\/2017\/05\/06\/audi-bauer-la-maison\/\" rel=\"bookmark\">AUDI BAUER et la premi\u00e8re de l&rsquo;\u00e9v\u00e9nement partag\u00e9.<\/a><\/h4>\t\t\t<div class=\"sow-entry-meta\">\n\t\t\t\t\n\t\t\n\t\t\n\t\t\t\t\t<\/div>\n\t\t<\/header>\n\n\t\t\t<\/div>\n<\/article>\n<article id=\"post-1388\" class=\"post-1388 post type-post status-publish format-standard has-post-thumbnail hentry category-levenement-partage tag-budget tag-date tag-evenement tag-lieu tag-original tag-thematique blog-blocks-layout blog-style-imgblock  blog-alt-even\" style=\"margin: 0 0 30px;\">\n\t\t\t\t\t<div class=\"sow-entry-thumbnail\">\n\t\t\t\t\t\t\t\t\t\t<a href=\"https:\/\/la-maison.net\/index.php\/2017\/02\/02\/levenement-partage-ou-comment-partager-un-bon-moment-et-les-couts\/\">\n\t\t\t\t\t\t<img width=\"600\" height=\"269\" src=\"https:\/\/la-maison.net\/wp-content\/uploads\/2017\/01\/event_partage\u0301.jpg\" class=\"attachment-sow-blog-grid size-sow-blog-grid wp-post-image\" alt=\"\" srcset=\"https:\/\/la-maison.net\/wp-content\/uploads\/2017\/01\/event_partage\u0301.jpg 600w, https:\/\/la-maison.net\/wp-content\/uploads\/2017\/01\/event_partage\u0301-300x135.jpg 300w\" sizes=\"(max-width: 600px) 100vw, 600px\" \/>\t\t\t\t\t<\/a>\n\t\t\t\t<\/div>\n\t\t\t\t\t\t\t<div class=\"sow-blog-content-wrapper\"\n\t\t style=\"padding: 20px 25px;\">\n\t\t\t\t<header class=\"sow-entry-header\">\n\t\t\t<h4 class=\"sow-entry-title\" style=\"margin: 0 0 5px;\"><a href=\"https:\/\/la-maison.net\/index.php\/2017\/02\/02\/levenement-partage-ou-comment-partager-un-bon-moment-et-les-couts\/\" rel=\"bookmark\">L&rsquo;\u00e9v\u00e9nement partag\u00e9 ou comment partager un bon moment (et les co\u00fbts).<\/a><\/h4>\t\t\t<div class=\"sow-entry-meta\">\n\t\t\t\t\n\t\t\n\t\t\n\t\t\t\t\t<\/div>\n\t\t<\/header>\n\n\t\t\t<\/div>\n<\/article>\n\t\t\t<\/div>\n\t\t\t\t\t\t\t\t<\/div>\n\t<\/div>","protected":false},"excerpt":{"rendered":"<p>Le jeudi 4 mai de 19:00 \u00e0 21:00 D\u00e9gustons diff\u00e9remment la nouvelle Audi Q7 e-tron. Nous vous proposons de participer \u00e0 cet \u00e9v\u00e9nement aux c\u00f4t\u00e9s de nos autres partenaires. Nos engagements : &#8211; Vous apporter un \u00e9v\u00e9nementiel de grande qualit\u00e9 en g\u00e9rant les d\u00e9tails de la conception, l\u2019organisation et la communication. &#8211; Vous accueillir vous&#8230;<\/p>\n","protected":false},"author":1,"featured_media":1941,"comment_status":"closed","ping_status":"closed","sticky":false,"template":"","format":"standard","meta":{"footnotes":""},"categories":[100],"tags":[],"class_list":["post-1935","post","type-post","status-publish","format-standard","has-post-thumbnail","hentry","category-levenement-partage","blog-blocks-layout","blog-style-imgblock","","blog-alt-odd"],"yoast_head":"<!-- This site is optimized with the Yoast SEO plugin v24.1 - https:\/\/yoast.com\/wordpress\/plugins\/seo\/ -->\n<title>D\u00e9gustons diff\u00e9remment la nouvelle Audi Q7 e-tron. -<\/title>\n<meta name=\"description\" content=\"D\u00e9gustons diff\u00e9remment la nouvelle Audi Q7 e-tron. Une rencontre AUDI PARIS.\" \/>\n<meta name=\"robots\" content=\"index, follow, max-snippet:-1, max-image-preview:large, max-video-preview:-1\" \/>\n<link rel=\"canonical\" href=\"https:\/\/la-maison.net\/index.php\/2017\/03\/22\/degustons-la-nouvelle-audi-q7-e-tron\/\" \/>\n<meta property=\"og:locale\" content=\"fr_FR\" \/>\n<meta property=\"og:type\" content=\"article\" \/>\n<meta property=\"og:title\" content=\"D\u00e9gustons diff\u00e9remment la nouvelle Audi Q7 e-tron. -\" \/>\n<meta property=\"og:description\" content=\"D\u00e9gustons diff\u00e9remment la nouvelle Audi Q7 e-tron. Une rencontre AUDI PARIS.\" \/>\n<meta property=\"og:url\" content=\"https:\/\/la-maison.net\/index.php\/2017\/03\/22\/degustons-la-nouvelle-audi-q7-e-tron\/\" \/>\n<meta property=\"article:published_time\" content=\"2017-03-22T17:24:09+00:00\" \/>\n<meta property=\"article:modified_time\" content=\"2017-03-29T20:33:53+00:00\" \/>\n<meta property=\"og:image\" content=\"https:\/\/la-maison.net\/wp-content\/uploads\/2017\/03\/tarifs.jpg\" \/>\n\t<meta property=\"og:image:width\" content=\"600\" \/>\n\t<meta property=\"og:image:height\" content=\"1017\" \/>\n\t<meta property=\"og:image:type\" content=\"image\/jpeg\" \/>\n<meta name=\"author\" content=\"Les H\u00f4tes\" \/>\n<meta name=\"twitter:card\" content=\"summary_large_image\" \/>\n<meta name=\"twitter:label1\" content=\"\u00c9crit par\" \/>\n\t<meta name=\"twitter:data1\" content=\"Les H\u00f4tes\" \/>\n\t<meta name=\"twitter:label2\" content=\"Dur\u00e9e de lecture estim\u00e9e\" \/>\n\t<meta name=\"twitter:data2\" content=\"1 minute\" \/>\n<script type=\"application\/ld+json\" class=\"yoast-schema-graph\">{\"@context\":\"https:\/\/schema.org\",\"@graph\":[{\"@type\":\"Article\",\"@id\":\"https:\/\/la-maison.net\/index.php\/2017\/03\/22\/degustons-la-nouvelle-audi-q7-e-tron\/#article\",\"isPartOf\":{\"@id\":\"https:\/\/la-maison.net\/index.php\/2017\/03\/22\/degustons-la-nouvelle-audi-q7-e-tron\/\"},\"author\":{\"name\":\"Les H\u00f4tes\",\"@id\":\"https:\/\/la-maison.net\/#\/schema\/person\/7699b18ca24da5124f9de3a274cc42d4\"},\"headline\":\"D\u00e9gustons diff\u00e9remment la nouvelle Audi Q7 e-tron.\",\"datePublished\":\"2017-03-22T17:24:09+00:00\",\"dateModified\":\"2017-03-29T20:33:53+00:00\",\"mainEntityOfPage\":{\"@id\":\"https:\/\/la-maison.net\/index.php\/2017\/03\/22\/degustons-la-nouvelle-audi-q7-e-tron\/\"},\"wordCount\":164,\"publisher\":{\"@id\":\"https:\/\/la-maison.net\/#organization\"},\"image\":{\"@id\":\"https:\/\/la-maison.net\/index.php\/2017\/03\/22\/degustons-la-nouvelle-audi-q7-e-tron\/#primaryimage\"},\"thumbnailUrl\":\"https:\/\/la-maison.net\/wp-content\/uploads\/2017\/03\/tarifs.jpg\",\"articleSection\":[\"L'\u00c9V\u00c9NEMENT PARTAG\u00c9\"],\"inLanguage\":\"fr-FR\"},{\"@type\":\"WebPage\",\"@id\":\"https:\/\/la-maison.net\/index.php\/2017\/03\/22\/degustons-la-nouvelle-audi-q7-e-tron\/\",\"url\":\"https:\/\/la-maison.net\/index.php\/2017\/03\/22\/degustons-la-nouvelle-audi-q7-e-tron\/\",\"name\":\"D\u00e9gustons diff\u00e9remment la nouvelle Audi Q7 e-tron. -\",\"isPartOf\":{\"@id\":\"https:\/\/la-maison.net\/#website\"},\"primaryImageOfPage\":{\"@id\":\"https:\/\/la-maison.net\/index.php\/2017\/03\/22\/degustons-la-nouvelle-audi-q7-e-tron\/#primaryimage\"},\"image\":{\"@id\":\"https:\/\/la-maison.net\/index.php\/2017\/03\/22\/degustons-la-nouvelle-audi-q7-e-tron\/#primaryimage\"},\"thumbnailUrl\":\"https:\/\/la-maison.net\/wp-content\/uploads\/2017\/03\/tarifs.jpg\",\"datePublished\":\"2017-03-22T17:24:09+00:00\",\"dateModified\":\"2017-03-29T20:33:53+00:00\",\"description\":\"D\u00e9gustons diff\u00e9remment la nouvelle Audi Q7 e-tron. Une rencontre AUDI PARIS.\",\"breadcrumb\":{\"@id\":\"https:\/\/la-maison.net\/index.php\/2017\/03\/22\/degustons-la-nouvelle-audi-q7-e-tron\/#breadcrumb\"},\"inLanguage\":\"fr-FR\",\"potentialAction\":[{\"@type\":\"ReadAction\",\"target\":[\"https:\/\/la-maison.net\/index.php\/2017\/03\/22\/degustons-la-nouvelle-audi-q7-e-tron\/\"]}]},{\"@type\":\"ImageObject\",\"inLanguage\":\"fr-FR\",\"@id\":\"https:\/\/la-maison.net\/index.php\/2017\/03\/22\/degustons-la-nouvelle-audi-q7-e-tron\/#primaryimage\",\"url\":\"https:\/\/la-maison.net\/wp-content\/uploads\/2017\/03\/tarifs.jpg\",\"contentUrl\":\"https:\/\/la-maison.net\/wp-content\/uploads\/2017\/03\/tarifs.jpg\",\"width\":600,\"height\":1017},{\"@type\":\"BreadcrumbList\",\"@id\":\"https:\/\/la-maison.net\/index.php\/2017\/03\/22\/degustons-la-nouvelle-audi-q7-e-tron\/#breadcrumb\",\"itemListElement\":[{\"@type\":\"ListItem\",\"position\":1,\"name\":\"Accueil\",\"item\":\"https:\/\/la-maison.net\/\"},{\"@type\":\"ListItem\",\"position\":2,\"name\":\"D\u00e9gustons diff\u00e9remment la nouvelle Audi Q7 e-tron.\"}]},{\"@type\":\"WebSite\",\"@id\":\"https:\/\/la-maison.net\/#website\",\"url\":\"https:\/\/la-maison.net\/\",\"name\":\"la-maison.net\",\"description\":\"\",\"publisher\":{\"@id\":\"https:\/\/la-maison.net\/#organization\"},\"potentialAction\":[{\"@type\":\"SearchAction\",\"target\":{\"@type\":\"EntryPoint\",\"urlTemplate\":\"https:\/\/la-maison.net\/?s={search_term_string}\"},\"query-input\":{\"@type\":\"PropertyValueSpecification\",\"valueRequired\":true,\"valueName\":\"search_term_string\"}}],\"inLanguage\":\"fr-FR\"},{\"@type\":\"Organization\",\"@id\":\"https:\/\/la-maison.net\/#organization\",\"name\":\"La Maison\",\"url\":\"https:\/\/la-maison.net\/\",\"logo\":{\"@type\":\"ImageObject\",\"inLanguage\":\"fr-FR\",\"@id\":\"https:\/\/la-maison.net\/#\/schema\/logo\/image\/\",\"url\":\"https:\/\/la-maison.net\/wp-content\/uploads\/2018\/12\/cropped-logo-2019-e1580116215100.jpg\",\"contentUrl\":\"https:\/\/la-maison.net\/wp-content\/uploads\/2018\/12\/cropped-logo-2019-e1580116215100.jpg\",\"width\":384,\"height\":94,\"caption\":\"La Maison\"},\"image\":{\"@id\":\"https:\/\/la-maison.net\/#\/schema\/logo\/image\/\"}},{\"@type\":\"Person\",\"@id\":\"https:\/\/la-maison.net\/#\/schema\/person\/7699b18ca24da5124f9de3a274cc42d4\",\"name\":\"Les H\u00f4tes\",\"url\":\"https:\/\/la-maison.net\/index.php\/author\/mozart\/\"}]}<\/script>\n<!-- \/ Yoast SEO plugin. -->","yoast_head_json":{"title":"D\u00e9gustons diff\u00e9remment la nouvelle Audi Q7 e-tron. -","description":"D\u00e9gustons diff\u00e9remment la nouvelle Audi Q7 e-tron. Une rencontre AUDI PARIS.","robots":{"index":"index","follow":"follow","max-snippet":"max-snippet:-1","max-image-preview":"max-image-preview:large","max-video-preview":"max-video-preview:-1"},"canonical":"https:\/\/la-maison.net\/index.php\/2017\/03\/22\/degustons-la-nouvelle-audi-q7-e-tron\/","og_locale":"fr_FR","og_type":"article","og_title":"D\u00e9gustons diff\u00e9remment la nouvelle Audi Q7 e-tron. -","og_description":"D\u00e9gustons diff\u00e9remment la nouvelle Audi Q7 e-tron. Une rencontre AUDI PARIS.","og_url":"https:\/\/la-maison.net\/index.php\/2017\/03\/22\/degustons-la-nouvelle-audi-q7-e-tron\/","article_published_time":"2017-03-22T17:24:09+00:00","article_modified_time":"2017-03-29T20:33:53+00:00","og_image":[{"width":600,"height":1017,"url":"https:\/\/la-maison.net\/wp-content\/uploads\/2017\/03\/tarifs.jpg","type":"image\/jpeg"}],"author":"Les H\u00f4tes","twitter_card":"summary_large_image","twitter_misc":{"\u00c9crit par":"Les H\u00f4tes","Dur\u00e9e de lecture estim\u00e9e":"1 minute"},"schema":{"@context":"https:\/\/schema.org","@graph":[{"@type":"Article","@id":"https:\/\/la-maison.net\/index.php\/2017\/03\/22\/degustons-la-nouvelle-audi-q7-e-tron\/#article","isPartOf":{"@id":"https:\/\/la-maison.net\/index.php\/2017\/03\/22\/degustons-la-nouvelle-audi-q7-e-tron\/"},"author":{"name":"Les H\u00f4tes","@id":"https:\/\/la-maison.net\/#\/schema\/person\/7699b18ca24da5124f9de3a274cc42d4"},"headline":"D\u00e9gustons diff\u00e9remment la nouvelle Audi Q7 e-tron.","datePublished":"2017-03-22T17:24:09+00:00","dateModified":"2017-03-29T20:33:53+00:00","mainEntityOfPage":{"@id":"https:\/\/la-maison.net\/index.php\/2017\/03\/22\/degustons-la-nouvelle-audi-q7-e-tron\/"},"wordCount":164,"publisher":{"@id":"https:\/\/la-maison.net\/#organization"},"image":{"@id":"https:\/\/la-maison.net\/index.php\/2017\/03\/22\/degustons-la-nouvelle-audi-q7-e-tron\/#primaryimage"},"thumbnailUrl":"https:\/\/la-maison.net\/wp-content\/uploads\/2017\/03\/tarifs.jpg","articleSection":["L'\u00c9V\u00c9NEMENT PARTAG\u00c9"],"inLanguage":"fr-FR"},{"@type":"WebPage","@id":"https:\/\/la-maison.net\/index.php\/2017\/03\/22\/degustons-la-nouvelle-audi-q7-e-tron\/","url":"https:\/\/la-maison.net\/index.php\/2017\/03\/22\/degustons-la-nouvelle-audi-q7-e-tron\/","name":"D\u00e9gustons diff\u00e9remment la nouvelle Audi Q7 e-tron. -","isPartOf":{"@id":"https:\/\/la-maison.net\/#website"},"primaryImageOfPage":{"@id":"https:\/\/la-maison.net\/index.php\/2017\/03\/22\/degustons-la-nouvelle-audi-q7-e-tron\/#primaryimage"},"image":{"@id":"https:\/\/la-maison.net\/index.php\/2017\/03\/22\/degustons-la-nouvelle-audi-q7-e-tron\/#primaryimage"},"thumbnailUrl":"https:\/\/la-maison.net\/wp-content\/uploads\/2017\/03\/tarifs.jpg","datePublished":"2017-03-22T17:24:09+00:00","dateModified":"2017-03-29T20:33:53+00:00","description":"D\u00e9gustons diff\u00e9remment la nouvelle Audi Q7 e-tron. Une rencontre AUDI PARIS.","breadcrumb":{"@id":"https:\/\/la-maison.net\/index.php\/2017\/03\/22\/degustons-la-nouvelle-audi-q7-e-tron\/#breadcrumb"},"inLanguage":"fr-FR","potentialAction":[{"@type":"ReadAction","target":["https:\/\/la-maison.net\/index.php\/2017\/03\/22\/degustons-la-nouvelle-audi-q7-e-tron\/"]}]},{"@type":"ImageObject","inLanguage":"fr-FR","@id":"https:\/\/la-maison.net\/index.php\/2017\/03\/22\/degustons-la-nouvelle-audi-q7-e-tron\/#primaryimage","url":"https:\/\/la-maison.net\/wp-content\/uploads\/2017\/03\/tarifs.jpg","contentUrl":"https:\/\/la-maison.net\/wp-content\/uploads\/2017\/03\/tarifs.jpg","width":600,"height":1017},{"@type":"BreadcrumbList","@id":"https:\/\/la-maison.net\/index.php\/2017\/03\/22\/degustons-la-nouvelle-audi-q7-e-tron\/#breadcrumb","itemListElement":[{"@type":"ListItem","position":1,"name":"Accueil","item":"https:\/\/la-maison.net\/"},{"@type":"ListItem","position":2,"name":"D\u00e9gustons diff\u00e9remment la nouvelle Audi Q7 e-tron."}]},{"@type":"WebSite","@id":"https:\/\/la-maison.net\/#website","url":"https:\/\/la-maison.net\/","name":"la-maison.net","description":"","publisher":{"@id":"https:\/\/la-maison.net\/#organization"},"potentialAction":[{"@type":"SearchAction","target":{"@type":"EntryPoint","urlTemplate":"https:\/\/la-maison.net\/?s={search_term_string}"},"query-input":{"@type":"PropertyValueSpecification","valueRequired":true,"valueName":"search_term_string"}}],"inLanguage":"fr-FR"},{"@type":"Organization","@id":"https:\/\/la-maison.net\/#organization","name":"La Maison","url":"https:\/\/la-maison.net\/","logo":{"@type":"ImageObject","inLanguage":"fr-FR","@id":"https:\/\/la-maison.net\/#\/schema\/logo\/image\/","url":"https:\/\/la-maison.net\/wp-content\/uploads\/2018\/12\/cropped-logo-2019-e1580116215100.jpg","contentUrl":"https:\/\/la-maison.net\/wp-content\/uploads\/2018\/12\/cropped-logo-2019-e1580116215100.jpg","width":384,"height":94,"caption":"La Maison"},"image":{"@id":"https:\/\/la-maison.net\/#\/schema\/logo\/image\/"}},{"@type":"Person","@id":"https:\/\/la-maison.net\/#\/schema\/person\/7699b18ca24da5124f9de3a274cc42d4","name":"Les H\u00f4tes","url":"https:\/\/la-maison.net\/index.php\/author\/mozart\/"}]}},"_links":{"self":[{"href":"https:\/\/la-maison.net\/index.php\/wp-json\/wp\/v2\/posts\/1935"}],"collection":[{"href":"https:\/\/la-maison.net\/index.php\/wp-json\/wp\/v2\/posts"}],"about":[{"href":"https:\/\/la-maison.net\/index.php\/wp-json\/wp\/v2\/types\/post"}],"author":[{"embeddable":true,"href":"https:\/\/la-maison.net\/index.php\/wp-json\/wp\/v2\/users\/1"}],"replies":[{"embeddable":true,"href":"https:\/\/la-maison.net\/index.php\/wp-json\/wp\/v2\/comments?post=1935"}],"version-history":[{"count":2,"href":"https:\/\/la-maison.net\/index.php\/wp-json\/wp\/v2\/posts\/1935\/revisions"}],"predecessor-version":[{"id":1939,"href":"https:\/\/la-maison.net\/index.php\/wp-json\/wp\/v2\/posts\/1935\/revisions\/1939"}],"wp:featuredmedia":[{"embeddable":true,"href":"https:\/\/la-maison.net\/index.php\/wp-json\/wp\/v2\/media\/1941"}],"wp:attachment":[{"href":"https:\/\/la-maison.net\/index.php\/wp-json\/wp\/v2\/media?parent=1935"}],"wp:term":[{"taxonomy":"category","embeddable":true,"href":"https:\/\/la-maison.net\/index.php\/wp-json\/wp\/v2\/categories?post=1935"},{"taxonomy":"post_tag","embeddable":true,"href":"https:\/\/la-maison.net\/index.php\/wp-json\/wp\/v2\/tags?post=1935"}],"curies":[{"name":"wp","href":"https:\/\/api.w.org\/{rel}","templated":true}]}}