{"id":1906,"date":"2017-02-23T11:22:02","date_gmt":"2017-02-23T10:22:02","guid":{"rendered":"http:\/\/la-maison.net\/?p=1906"},"modified":"2017-02-23T11:22:09","modified_gmt":"2017-02-23T10:22:09","slug":"nuitons-et-ricetons","status":"publish","type":"post","link":"https:\/\/la-maison.net\/index.php\/2017\/02\/23\/nuitons-et-ricetons\/","title":{"rendered":"Nuitons et Ricetons"},"content":{"rendered":"<p>Animation et d\u00e9gustation de magnifiques Nuits-Saint-Georges pour 140 personnes ce soir. La cerise sur le g\u00e2teau sera la d\u00e9couverte pour les participants de ce vin de champagne le Ros\u00e9 des Riceys. Ros\u00e9 dont il n&rsquo;a que la couleur, un vin de gastronomie, un vin de garde. Un vin rare car simplement 60 000 bouteilles sont produites par an. Avec les vins des Domaines Devillard et son Domaine des Perdrix 1er cru, un quasi-monopole, et ceux d&rsquo;Alexandre Bonnet. #domainesdevillard #lesperdrix #nuitsaintgeorges #ros\u00e9desriceys<\/p>\n<div\n\t\t\t\n\t\t\tclass=\"so-widget-sow-blog so-widget-sow-blog-grid-c34ffc02d075\"\n\t\t\t\n\t\t>\t\t<div\n\t\tclass=\"sow-blog sow-blog-layout-grid\"\n\t\tdata-template=\"grid\"\n\t\tdata-settings=\"{&quot;columns&quot;:3,&quot;featured_image&quot;:true,&quot;featured_image_empty&quot;:true,&quot;featured_image_fallback&quot;:false,&quot;featured_image_size&quot;:&quot;&quot;,&quot;tag&quot;:&quot;h4&quot;,&quot;content&quot;:&quot;none&quot;,&quot;trim_manual_excerpt&quot;:&quot;&quot;,&quot;excerpt_length&quot;:55,&quot;excerpt_trim&quot;:&quot;&quot;,&quot;read_more_text&quot;:&quot;&quot;,&quot;date&quot;:false,&quot;author&quot;:false,&quot;filter_categories&quot;:false,&quot;categories&quot;:false,&quot;tags&quot;:false,&quot;comment_count&quot;:false,&quot;date_output_format&quot;:&quot;default&quot;,&quot;read_more&quot;:true,&quot;template&quot;:&quot;grid&quot;,&quot;pagination&quot;:&quot;disabled&quot;}\"\n\t\tdata-paged=\"1\"\n\t\tdata-paging-id=\"faabd4fc3f4a\"\n\t\tdata-total-pages=\"2\"\n\t\tdata-hash=\"109f1c2f\"\n\t>\n\t\t\n\t\t\t\t\t\t\t<div class=\"sow-blog-posts\">\n\t\t\t\t<article id=\"post-6206\" class=\"post-6206 post type-post status-publish format-standard has-post-thumbnail hentry category-non-classe blog-blocks-layout blog-style-imgblock  blog-alt-odd\" style=\"margin: 0 0 30px;\">\n\t\t\t\t\t<div class=\"sow-entry-thumbnail\">\n\t\t\t\t\t\t\t\t\t\t<a href=\"https:\/\/la-maison.net\/index.php\/2025\/11\/27\/ivan-boris-et-toi-prochaine-soiree-le-10-janvier-2026\/\">\n\t\t\t\t\t\t<img width=\"720\" height=\"480\" src=\"https:\/\/la-maison.net\/wp-content\/uploads\/2025\/11\/1762472885528-720x480.jpeg\" class=\"attachment-sow-blog-grid size-sow-blog-grid wp-post-image\" alt=\"Les roles dur murder diner Ivan, Boris et toi \u00e0 Paris\" srcset=\"https:\/\/la-maison.net\/wp-content\/uploads\/2025\/11\/1762472885528-720x480.jpeg 720w, https:\/\/la-maison.net\/wp-content\/uploads\/2025\/11\/1762472885528-272x182.jpeg 272w, https:\/\/la-maison.net\/wp-content\/uploads\/2025\/11\/1762472885528-360x240.jpeg 360w\" sizes=\"(max-width: 720px) 100vw, 720px\" \/>\t\t\t\t\t<\/a>\n\t\t\t\t<\/div>\n\t\t\t\t\t\t\t<div class=\"sow-blog-content-wrapper\"\n\t\t style=\"padding: 20px 25px;\">\n\t\t\t\t<header class=\"sow-entry-header\">\n\t\t\t<h4 class=\"sow-entry-title\" style=\"margin: 0 0 5px;\"><a href=\"https:\/\/la-maison.net\/index.php\/2025\/11\/27\/ivan-boris-et-toi-prochaine-soiree-le-10-janvier-2026\/\" rel=\"bookmark\">Notre murder dinner \u00e0 Paris le 10 janvier 2026. IVAN, BORIS ET TOI, un diner, un ap\u00e9ro et un crime.<\/a><\/h4>\t\t\t<div class=\"sow-entry-meta\">\n\t\t\t\t\n\t\t\n\t\t\n\t\t\t\t\t<\/div>\n\t\t<\/header>\n\n\t\t\t<\/div>\n<\/article>\n<article id=\"post-6201\" class=\"post-6201 post type-post status-publish format-standard has-post-thumbnail hentry category-non-classe blog-blocks-layout blog-style-imgblock  blog-alt-even\" style=\"margin: 0 0 30px;\">\n\t\t\t\t\t<div class=\"sow-entry-thumbnail\">\n\t\t\t\t\t\t\t\t\t\t<a href=\"https:\/\/la-maison.net\/index.php\/2025\/11\/27\/le-murder-dienr-pas-comme-les-autres\/\">\n\t\t\t\t\t\t<img width=\"720\" height=\"480\" src=\"https:\/\/la-maison.net\/wp-content\/uploads\/2025\/11\/murder-generique-720x480.jpg\" class=\"attachment-sow-blog-grid size-sow-blog-grid wp-post-image\" alt=\"\" srcset=\"https:\/\/la-maison.net\/wp-content\/uploads\/2025\/11\/murder-generique-720x480.jpg 720w, https:\/\/la-maison.net\/wp-content\/uploads\/2025\/11\/murder-generique-272x182.jpg 272w, https:\/\/la-maison.net\/wp-content\/uploads\/2025\/11\/murder-generique-360x240.jpg 360w\" sizes=\"(max-width: 720px) 100vw, 720px\" \/>\t\t\t\t\t<\/a>\n\t\t\t\t<\/div>\n\t\t\t\t\t\t\t<div class=\"sow-blog-content-wrapper\"\n\t\t style=\"padding: 20px 25px;\">\n\t\t\t\t<header class=\"sow-entry-header\">\n\t\t\t<h4 class=\"sow-entry-title\" style=\"margin: 0 0 5px;\"><a href=\"https:\/\/la-maison.net\/index.php\/2025\/11\/27\/le-murder-dienr-pas-comme-les-autres\/\" rel=\"bookmark\">Le Murder Dinner pas comme les autres.<\/a><\/h4>\t\t\t<div class=\"sow-entry-meta\">\n\t\t\t\t\n\t\t\n\t\t\n\t\t\t\t\t<\/div>\n\t\t<\/header>\n\n\t\t\t<\/div>\n<\/article>\n<article id=\"post-6171\" class=\"post-6171 post type-post status-publish format-standard has-post-thumbnail hentry category-non-classe blog-blocks-layout blog-style-imgblock  blog-alt-odd\" style=\"margin: 0 0 30px;\">\n\t\t\t\t\t<div class=\"sow-entry-thumbnail\">\n\t\t\t\t\t\t\t\t\t\t<a href=\"https:\/\/la-maison.net\/index.php\/2025\/06\/20\/tasting-des-incroyables-vins-des-canaries\/\">\n\t\t\t\t\t\t<img width=\"720\" height=\"480\" src=\"https:\/\/la-maison.net\/wp-content\/uploads\/2025\/06\/WhatsApp-Image-2025-06-20-at-09.48.32-720x480.jpeg\" class=\"attachment-sow-blog-grid size-sow-blog-grid wp-post-image\" alt=\"\" srcset=\"https:\/\/la-maison.net\/wp-content\/uploads\/2025\/06\/WhatsApp-Image-2025-06-20-at-09.48.32-720x480.jpeg 720w, https:\/\/la-maison.net\/wp-content\/uploads\/2025\/06\/WhatsApp-Image-2025-06-20-at-09.48.32-272x182.jpeg 272w, https:\/\/la-maison.net\/wp-content\/uploads\/2025\/06\/WhatsApp-Image-2025-06-20-at-09.48.32-360x240.jpeg 360w\" sizes=\"(max-width: 720px) 100vw, 720px\" \/>\t\t\t\t\t<\/a>\n\t\t\t\t<\/div>\n\t\t\t\t\t\t\t<div class=\"sow-blog-content-wrapper\"\n\t\t style=\"padding: 20px 25px;\">\n\t\t\t\t<header class=\"sow-entry-header\">\n\t\t\t<h4 class=\"sow-entry-title\" style=\"margin: 0 0 5px;\"><a href=\"https:\/\/la-maison.net\/index.php\/2025\/06\/20\/tasting-des-incroyables-vins-des-canaries\/\" rel=\"bookmark\">Tasting des incroyables vins des Canaries.<\/a><\/h4>\t\t\t<div class=\"sow-entry-meta\">\n\t\t\t\t\n\t\t\n\t\t\n\t\t\t\t\t<\/div>\n\t\t<\/header>\n\n\t\t\t<\/div>\n<\/article>\n<article id=\"post-6169\" class=\"post-6169 post type-post status-publish format-standard has-post-thumbnail hentry category-non-classe blog-blocks-layout blog-style-imgblock  blog-alt-even\" style=\"margin: 0 0 30px;\">\n\t\t\t\t\t<div class=\"sow-entry-thumbnail\">\n\t\t\t\t\t\t\t\t\t\t<a href=\"https:\/\/la-maison.net\/index.php\/2025\/06\/20\/jazz-on-the-cake\/\">\n\t\t\t\t\t\t<img width=\"720\" height=\"480\" src=\"https:\/\/la-maison.net\/wp-content\/uploads\/2025\/06\/WhatsApp-Image-2025-06-20-at-09.47.41-720x480.jpeg\" class=\"attachment-sow-blog-grid size-sow-blog-grid wp-post-image\" alt=\"\" srcset=\"https:\/\/la-maison.net\/wp-content\/uploads\/2025\/06\/WhatsApp-Image-2025-06-20-at-09.47.41-720x480.jpeg 720w, https:\/\/la-maison.net\/wp-content\/uploads\/2025\/06\/WhatsApp-Image-2025-06-20-at-09.47.41-272x182.jpeg 272w, https:\/\/la-maison.net\/wp-content\/uploads\/2025\/06\/WhatsApp-Image-2025-06-20-at-09.47.41-360x240.jpeg 360w\" sizes=\"(max-width: 720px) 100vw, 720px\" \/>\t\t\t\t\t<\/a>\n\t\t\t\t<\/div>\n\t\t\t\t\t\t\t<div class=\"sow-blog-content-wrapper\"\n\t\t style=\"padding: 20px 25px;\">\n\t\t\t\t<header class=\"sow-entry-header\">\n\t\t\t<h4 class=\"sow-entry-title\" style=\"margin: 0 0 5px;\"><a href=\"https:\/\/la-maison.net\/index.php\/2025\/06\/20\/jazz-on-the-cake\/\" rel=\"bookmark\">Jazz On the Cake !<\/a><\/h4>\t\t\t<div class=\"sow-entry-meta\">\n\t\t\t\t\n\t\t\n\t\t\n\t\t\t\t\t<\/div>\n\t\t<\/header>\n\n\t\t\t<\/div>\n<\/article>\n<article id=\"post-6167\" class=\"post-6167 post type-post status-publish format-standard has-post-thumbnail hentry category-non-classe blog-blocks-layout blog-style-imgblock  blog-alt-odd\" style=\"margin: 0 0 30px;\">\n\t\t\t\t\t<div class=\"sow-entry-thumbnail\">\n\t\t\t\t\t\t\t\t\t\t<a href=\"https:\/\/la-maison.net\/index.php\/2025\/06\/20\/cocktail-a-la-mairie-du-xvieme-arrondissement\/\">\n\t\t\t\t\t\t<img width=\"720\" height=\"480\" src=\"https:\/\/la-maison.net\/wp-content\/uploads\/2025\/06\/WhatsApp-Image-2025-06-20-at-09.45.48-720x480.jpeg\" class=\"attachment-sow-blog-grid size-sow-blog-grid wp-post-image\" alt=\"\" srcset=\"https:\/\/la-maison.net\/wp-content\/uploads\/2025\/06\/WhatsApp-Image-2025-06-20-at-09.45.48-720x480.jpeg 720w, https:\/\/la-maison.net\/wp-content\/uploads\/2025\/06\/WhatsApp-Image-2025-06-20-at-09.45.48-272x182.jpeg 272w, https:\/\/la-maison.net\/wp-content\/uploads\/2025\/06\/WhatsApp-Image-2025-06-20-at-09.45.48-360x240.jpeg 360w\" sizes=\"(max-width: 720px) 100vw, 720px\" \/>\t\t\t\t\t<\/a>\n\t\t\t\t<\/div>\n\t\t\t\t\t\t\t<div class=\"sow-blog-content-wrapper\"\n\t\t style=\"padding: 20px 25px;\">\n\t\t\t\t<header class=\"sow-entry-header\">\n\t\t\t<h4 class=\"sow-entry-title\" style=\"margin: 0 0 5px;\"><a href=\"https:\/\/la-maison.net\/index.php\/2025\/06\/20\/cocktail-a-la-mairie-du-xvieme-arrondissement\/\" rel=\"bookmark\">Cocktail \u00e0 la Mairie du XVI\u00e8me arrondissement<\/a><\/h4>\t\t\t<div class=\"sow-entry-meta\">\n\t\t\t\t\n\t\t\n\t\t\n\t\t\t\t\t<\/div>\n\t\t<\/header>\n\n\t\t\t<\/div>\n<\/article>\n<article id=\"post-6155\" class=\"post-6155 post type-post status-publish format-standard has-post-thumbnail hentry category-non-classe blog-blocks-layout blog-style-imgblock  blog-alt-even\" style=\"margin: 0 0 30px;\">\n\t\t\t\t\t<div class=\"sow-entry-thumbnail\">\n\t\t\t\t\t\t\t\t\t\t<a href=\"https:\/\/la-maison.net\/index.php\/2025\/06\/20\/la-fondue-la-vraie-la-suisse-2\/\">\n\t\t\t\t\t\t<img width=\"720\" height=\"480\" src=\"https:\/\/la-maison.net\/wp-content\/uploads\/2025\/06\/WhatsApp-Image-2025-06-20-at-09.46.25-720x480.jpeg\" class=\"attachment-sow-blog-grid size-sow-blog-grid wp-post-image\" alt=\"\" srcset=\"https:\/\/la-maison.net\/wp-content\/uploads\/2025\/06\/WhatsApp-Image-2025-06-20-at-09.46.25-720x480.jpeg 720w, https:\/\/la-maison.net\/wp-content\/uploads\/2025\/06\/WhatsApp-Image-2025-06-20-at-09.46.25-272x182.jpeg 272w, https:\/\/la-maison.net\/wp-content\/uploads\/2025\/06\/WhatsApp-Image-2025-06-20-at-09.46.25-360x240.jpeg 360w\" sizes=\"(max-width: 720px) 100vw, 720px\" \/>\t\t\t\t\t<\/a>\n\t\t\t\t<\/div>\n\t\t\t\t\t\t\t<div class=\"sow-blog-content-wrapper\"\n\t\t style=\"padding: 20px 25px;\">\n\t\t\t\t<header class=\"sow-entry-header\">\n\t\t\t<h4 class=\"sow-entry-title\" style=\"margin: 0 0 5px;\"><a href=\"https:\/\/la-maison.net\/index.php\/2025\/06\/20\/la-fondue-la-vraie-la-suisse-2\/\" rel=\"bookmark\">La Pavane. Cr\u00e9ation de la table \u00e9ph\u00e9m\u00e8re au Mus\u00e9e de la Renaissance.<\/a><\/h4>\t\t\t<div class=\"sow-entry-meta\">\n\t\t\t\t\n\t\t\n\t\t\n\t\t\t\t\t<\/div>\n\t\t<\/header>\n\n\t\t\t<\/div>\n<\/article>\n<article id=\"post-5620\" class=\"post-5620 post type-post status-publish format-standard has-post-thumbnail hentry category-non-classe blog-blocks-layout blog-style-imgblock  blog-alt-odd\" style=\"margin: 0 0 30px;\">\n\t\t\t\t\t<div class=\"sow-entry-thumbnail\">\n\t\t\t\t\t\t\t\t\t\t<a href=\"https:\/\/la-maison.net\/index.php\/2025\/01\/10\/tous-nos-meilleurs-voeux-pour-2025\/\">\n\t\t\t\t\t\t<img width=\"720\" height=\"480\" src=\"https:\/\/la-maison.net\/wp-content\/uploads\/2024\/10\/pexels-markusspiske-93796-scaled.jpg\" class=\"attachment-sow-blog-grid size-sow-blog-grid wp-post-image\" alt=\"\" srcset=\"https:\/\/la-maison.net\/wp-content\/uploads\/2024\/10\/pexels-markusspiske-93796-scaled.jpg 2560w, https:\/\/la-maison.net\/wp-content\/uploads\/2024\/10\/pexels-markusspiske-93796-300x200.jpg 300w, https:\/\/la-maison.net\/wp-content\/uploads\/2024\/10\/pexels-markusspiske-93796-1024x683.jpg 1024w, https:\/\/la-maison.net\/wp-content\/uploads\/2024\/10\/pexels-markusspiske-93796-768x512.jpg 768w, https:\/\/la-maison.net\/wp-content\/uploads\/2024\/10\/pexels-markusspiske-93796-1536x1024.jpg 1536w\" sizes=\"(max-width: 720px) 100vw, 720px\" \/>\t\t\t\t\t<\/a>\n\t\t\t\t<\/div>\n\t\t\t\t\t\t\t<div class=\"sow-blog-content-wrapper\"\n\t\t style=\"padding: 20px 25px;\">\n\t\t\t\t<header class=\"sow-entry-header\">\n\t\t\t<h4 class=\"sow-entry-title\" style=\"margin: 0 0 5px;\"><a href=\"https:\/\/la-maison.net\/index.php\/2025\/01\/10\/tous-nos-meilleurs-voeux-pour-2025\/\" rel=\"bookmark\">Tous nos meilleurs v\u0153ux pour 2025 !<\/a><\/h4>\t\t\t<div class=\"sow-entry-meta\">\n\t\t\t\t\n\t\t\n\t\t\n\t\t\t\t\t<\/div>\n\t\t<\/header>\n\n\t\t\t<\/div>\n<\/article>\n<article id=\"post-2218\" class=\"post-2218 post type-post status-publish format-standard has-post-thumbnail hentry category-le-gout-de-lentreprise category-non-classe tag-cockatil tag-le-gout-de-lentreprise blog-blocks-layout blog-style-imgblock  blog-alt-even\" style=\"margin: 0 0 30px;\">\n\t\t\t\t\t<div class=\"sow-entry-thumbnail\">\n\t\t\t\t\t\t\t\t\t\t<a href=\"https:\/\/la-maison.net\/index.php\/2018\/10\/13\/le-gout-de-lentreprise\/\">\n\t\t\t\t\t\t<img width=\"461\" height=\"480\" src=\"https:\/\/la-maison.net\/wp-content\/uploads\/2018\/10\/DSC_0798-1-e1539414673612.jpeg\" class=\"attachment-sow-blog-grid size-sow-blog-grid wp-post-image\" alt=\"\" srcset=\"https:\/\/la-maison.net\/wp-content\/uploads\/2018\/10\/DSC_0798-1-e1539414673612.jpeg 796w, https:\/\/la-maison.net\/wp-content\/uploads\/2018\/10\/DSC_0798-1-e1539414673612-600x624.jpeg 600w, https:\/\/la-maison.net\/wp-content\/uploads\/2018\/10\/DSC_0798-1-e1539414673612-288x300.jpeg 288w, https:\/\/la-maison.net\/wp-content\/uploads\/2018\/10\/DSC_0798-1-e1539414673612-768x799.jpeg 768w\" sizes=\"(max-width: 461px) 100vw, 461px\" \/>\t\t\t\t\t<\/a>\n\t\t\t\t<\/div>\n\t\t\t\t\t\t\t<div class=\"sow-blog-content-wrapper\"\n\t\t style=\"padding: 20px 25px;\">\n\t\t\t\t<header class=\"sow-entry-header\">\n\t\t\t<h4 class=\"sow-entry-title\" style=\"margin: 0 0 5px;\"><a href=\"https:\/\/la-maison.net\/index.php\/2018\/10\/13\/le-gout-de-lentreprise\/\" rel=\"bookmark\">Le go\u00fbt de l&rsquo;entreprise.<\/a><\/h4>\t\t\t<div class=\"sow-entry-meta\">\n\t\t\t\t\n\t\t\n\t\t\n\t\t\t\t\t<\/div>\n\t\t<\/header>\n\n\t\t\t<\/div>\n<\/article>\n<article id=\"post-2036\" class=\"post-2036 post type-post status-publish format-standard has-post-thumbnail hentry category-local category-non-classe blog-blocks-layout blog-style-imgblock  blog-alt-odd\" style=\"margin: 0 0 30px;\">\n\t\t\t\t\t<div class=\"sow-entry-thumbnail\">\n\t\t\t\t\t\t\t\t\t\t<a href=\"https:\/\/la-maison.net\/index.php\/2018\/02\/16\/la-soiree-decicieuse\/\">\n\t\t\t\t\t\t<img width=\"720\" height=\"480\" src=\"https:\/\/la-maison.net\/wp-content\/uploads\/2018\/02\/2018-02-08_LXM-Banque_CIC-08.jpg\" class=\"attachment-sow-blog-grid size-sow-blog-grid wp-post-image\" alt=\"\" srcset=\"https:\/\/la-maison.net\/wp-content\/uploads\/2018\/02\/2018-02-08_LXM-Banque_CIC-08.jpg 3464w, https:\/\/la-maison.net\/wp-content\/uploads\/2018\/02\/2018-02-08_LXM-Banque_CIC-08-600x400.jpg 600w, https:\/\/la-maison.net\/wp-content\/uploads\/2018\/02\/2018-02-08_LXM-Banque_CIC-08-300x200.jpg 300w, https:\/\/la-maison.net\/wp-content\/uploads\/2018\/02\/2018-02-08_LXM-Banque_CIC-08-768x512.jpg 768w, https:\/\/la-maison.net\/wp-content\/uploads\/2018\/02\/2018-02-08_LXM-Banque_CIC-08-1024x683.jpg 1024w, https:\/\/la-maison.net\/wp-content\/uploads\/2018\/02\/2018-02-08_LXM-Banque_CIC-08-272x182.jpg 272w\" sizes=\"(max-width: 720px) 100vw, 720px\" \/>\t\t\t\t\t<\/a>\n\t\t\t\t<\/div>\n\t\t\t\t\t\t\t<div class=\"sow-blog-content-wrapper\"\n\t\t style=\"padding: 20px 25px;\">\n\t\t\t\t<header class=\"sow-entry-header\">\n\t\t\t<h4 class=\"sow-entry-title\" style=\"margin: 0 0 5px;\"><a href=\"https:\/\/la-maison.net\/index.php\/2018\/02\/16\/la-soiree-decicieuse\/\" rel=\"bookmark\">La soir\u00e9e d\u00e9CICieuse.<\/a><\/h4>\t\t\t<div class=\"sow-entry-meta\">\n\t\t\t\t\n\t\t\n\t\t\n\t\t\t\t\t<\/div>\n\t\t<\/header>\n\n\t\t\t<\/div>\n<\/article>\n<article id=\"post-1998\" class=\"post-1998 post type-post status-publish format-standard has-post-thumbnail hentry category-buzz category-levenement-partage category-non-classe blog-blocks-layout blog-style-imgblock  blog-alt-even\" style=\"margin: 0 0 30px;\">\n\t\t\t\t\t<div class=\"sow-entry-thumbnail\">\n\t\t\t\t\t\t\t\t\t\t<a href=\"https:\/\/la-maison.net\/index.php\/2017\/05\/17\/chez-audi-autrement\/\">\n\t\t\t\t\t\t<img width=\"480\" height=\"480\" src=\"https:\/\/la-maison.net\/wp-content\/uploads\/2017\/05\/18222145_287669585007037_6645465915684907142_n.jpg\" class=\"attachment-sow-blog-grid size-sow-blog-grid wp-post-image\" alt=\"LA MAISON chez AUDI BAUER\" srcset=\"https:\/\/la-maison.net\/wp-content\/uploads\/2017\/05\/18222145_287669585007037_6645465915684907142_n.jpg 526w, https:\/\/la-maison.net\/wp-content\/uploads\/2017\/05\/18222145_287669585007037_6645465915684907142_n-300x300.jpg 300w, https:\/\/la-maison.net\/wp-content\/uploads\/2017\/05\/18222145_287669585007037_6645465915684907142_n-100x100.jpg 100w, https:\/\/la-maison.net\/wp-content\/uploads\/2017\/05\/18222145_287669585007037_6645465915684907142_n-150x150.jpg 150w\" sizes=\"(max-width: 480px) 100vw, 480px\" \/>\t\t\t\t\t<\/a>\n\t\t\t\t<\/div>\n\t\t\t\t\t\t\t<div class=\"sow-blog-content-wrapper\"\n\t\t style=\"padding: 20px 25px;\">\n\t\t\t\t<header class=\"sow-entry-header\">\n\t\t\t<h4 class=\"sow-entry-title\" style=\"margin: 0 0 5px;\"><a href=\"https:\/\/la-maison.net\/index.php\/2017\/05\/17\/chez-audi-autrement\/\" rel=\"bookmark\">Chez Audi, autrement\u2026<\/a><\/h4>\t\t\t<div class=\"sow-entry-meta\">\n\t\t\t\t\n\t\t\n\t\t\n\t\t\t\t\t<\/div>\n\t\t<\/header>\n\n\t\t\t<\/div>\n<\/article>\n\t\t\t<\/div>\n\t\t\t\t\t\t\t\t<\/div>\n\t<\/div>","protected":false},"excerpt":{"rendered":"<p>Animation et d\u00e9gustation de magnifiques Nuits-Saint-Georges pour 140 personnes ce soir. La cerise sur le g\u00e2teau sera la d\u00e9couverte pour les participants de ce vin de champagne le Ros\u00e9 des Riceys. Ros\u00e9 dont il n&rsquo;a que la couleur, un vin de gastronomie, un vin de garde. Un vin rare car simplement 60 000 bouteilles sont&#8230;<\/p>\n","protected":false},"author":1,"featured_media":1907,"comment_status":"closed","ping_status":"closed","sticky":false,"template":"","format":"standard","meta":{"footnotes":""},"categories":[1],"tags":[116,126,217,218,213,219],"class_list":["post-1906","post","type-post","status-publish","format-standard","has-post-thumbnail","hentry","category-non-classe","tag-bourgogne","tag-degustation","tag-devillard","tag-les-perdrix","tag-nuits-saint-georges","tag-rose-des-riceys","blog-blocks-layout","blog-style-imgblock","","blog-alt-odd"],"yoast_head":"<!-- This site is optimized with the Yoast SEO plugin v24.1 - https:\/\/yoast.com\/wordpress\/plugins\/seo\/ -->\n<title>Nuitons et Ricetons -<\/title>\n<meta name=\"robots\" content=\"index, follow, max-snippet:-1, max-image-preview:large, max-video-preview:-1\" \/>\n<link rel=\"canonical\" href=\"https:\/\/la-maison.net\/index.php\/2017\/02\/23\/nuitons-et-ricetons\/\" \/>\n<meta property=\"og:locale\" content=\"fr_FR\" \/>\n<meta property=\"og:type\" content=\"article\" \/>\n<meta property=\"og:title\" content=\"Nuitons et Ricetons -\" \/>\n<meta property=\"og:description\" content=\"Animation et d\u00e9gustation de magnifiques Nuits-Saint-Georges pour 140 personnes ce soir. La cerise sur le g\u00e2teau sera la d\u00e9couverte pour les participants de ce vin de champagne le Ros\u00e9 des Riceys. Ros\u00e9 dont il n&rsquo;a que la couleur, un vin de gastronomie, un vin de garde. Un vin rare car simplement 60 000 bouteilles sont...\" \/>\n<meta property=\"og:url\" content=\"https:\/\/la-maison.net\/index.php\/2017\/02\/23\/nuitons-et-ricetons\/\" \/>\n<meta property=\"article:published_time\" content=\"2017-02-23T10:22:02+00:00\" \/>\n<meta property=\"article:modified_time\" content=\"2017-02-23T10:22:09+00:00\" \/>\n<meta property=\"og:image\" content=\"https:\/\/la-maison.net\/wp-content\/uploads\/2017\/02\/24452-640x480-etiquette-domaine-des-perdrix-nuits-saint-georges-1er-cru-aux-perdrix-rouge-nuits-saint-georges.png\" \/>\n\t<meta property=\"og:image:width\" content=\"640\" \/>\n\t<meta property=\"og:image:height\" content=\"480\" \/>\n\t<meta property=\"og:image:type\" content=\"image\/png\" \/>\n<meta name=\"author\" content=\"Les H\u00f4tes\" \/>\n<meta name=\"twitter:card\" content=\"summary_large_image\" \/>\n<meta name=\"twitter:label1\" content=\"\u00c9crit par\" \/>\n\t<meta name=\"twitter:data1\" content=\"Les H\u00f4tes\" \/>\n<script type=\"application\/ld+json\" class=\"yoast-schema-graph\">{\"@context\":\"https:\/\/schema.org\",\"@graph\":[{\"@type\":\"Article\",\"@id\":\"https:\/\/la-maison.net\/index.php\/2017\/02\/23\/nuitons-et-ricetons\/#article\",\"isPartOf\":{\"@id\":\"https:\/\/la-maison.net\/index.php\/2017\/02\/23\/nuitons-et-ricetons\/\"},\"author\":{\"name\":\"Les H\u00f4tes\",\"@id\":\"https:\/\/la-maison.net\/#\/schema\/person\/7699b18ca24da5124f9de3a274cc42d4\"},\"headline\":\"Nuitons et Ricetons\",\"datePublished\":\"2017-02-23T10:22:02+00:00\",\"dateModified\":\"2017-02-23T10:22:09+00:00\",\"mainEntityOfPage\":{\"@id\":\"https:\/\/la-maison.net\/index.php\/2017\/02\/23\/nuitons-et-ricetons\/\"},\"wordCount\":87,\"publisher\":{\"@id\":\"https:\/\/la-maison.net\/#organization\"},\"image\":{\"@id\":\"https:\/\/la-maison.net\/index.php\/2017\/02\/23\/nuitons-et-ricetons\/#primaryimage\"},\"thumbnailUrl\":\"https:\/\/la-maison.net\/wp-content\/uploads\/2017\/02\/24452-640x480-etiquette-domaine-des-perdrix-nuits-saint-georges-1er-cru-aux-perdrix-rouge-nuits-saint-georges.png\",\"keywords\":[\"bourgogne\",\"D\u00e9gustation\",\"devillard\",\"les perdrix\",\"nuits-saint-georges\",\"ros\u00e9 des riceys\"],\"inLanguage\":\"fr-FR\"},{\"@type\":\"WebPage\",\"@id\":\"https:\/\/la-maison.net\/index.php\/2017\/02\/23\/nuitons-et-ricetons\/\",\"url\":\"https:\/\/la-maison.net\/index.php\/2017\/02\/23\/nuitons-et-ricetons\/\",\"name\":\"Nuitons et Ricetons -\",\"isPartOf\":{\"@id\":\"https:\/\/la-maison.net\/#website\"},\"primaryImageOfPage\":{\"@id\":\"https:\/\/la-maison.net\/index.php\/2017\/02\/23\/nuitons-et-ricetons\/#primaryimage\"},\"image\":{\"@id\":\"https:\/\/la-maison.net\/index.php\/2017\/02\/23\/nuitons-et-ricetons\/#primaryimage\"},\"thumbnailUrl\":\"https:\/\/la-maison.net\/wp-content\/uploads\/2017\/02\/24452-640x480-etiquette-domaine-des-perdrix-nuits-saint-georges-1er-cru-aux-perdrix-rouge-nuits-saint-georges.png\",\"datePublished\":\"2017-02-23T10:22:02+00:00\",\"dateModified\":\"2017-02-23T10:22:09+00:00\",\"breadcrumb\":{\"@id\":\"https:\/\/la-maison.net\/index.php\/2017\/02\/23\/nuitons-et-ricetons\/#breadcrumb\"},\"inLanguage\":\"fr-FR\",\"potentialAction\":[{\"@type\":\"ReadAction\",\"target\":[\"https:\/\/la-maison.net\/index.php\/2017\/02\/23\/nuitons-et-ricetons\/\"]}]},{\"@type\":\"ImageObject\",\"inLanguage\":\"fr-FR\",\"@id\":\"https:\/\/la-maison.net\/index.php\/2017\/02\/23\/nuitons-et-ricetons\/#primaryimage\",\"url\":\"https:\/\/la-maison.net\/wp-content\/uploads\/2017\/02\/24452-640x480-etiquette-domaine-des-perdrix-nuits-saint-georges-1er-cru-aux-perdrix-rouge-nuits-saint-georges.png\",\"contentUrl\":\"https:\/\/la-maison.net\/wp-content\/uploads\/2017\/02\/24452-640x480-etiquette-domaine-des-perdrix-nuits-saint-georges-1er-cru-aux-perdrix-rouge-nuits-saint-georges.png\",\"width\":640,\"height\":480,\"caption\":\"Nuits-Saint-Georges et Ros\u00e9 des Riceys\"},{\"@type\":\"BreadcrumbList\",\"@id\":\"https:\/\/la-maison.net\/index.php\/2017\/02\/23\/nuitons-et-ricetons\/#breadcrumb\",\"itemListElement\":[{\"@type\":\"ListItem\",\"position\":1,\"name\":\"Accueil\",\"item\":\"https:\/\/la-maison.net\/\"},{\"@type\":\"ListItem\",\"position\":2,\"name\":\"Nuitons et Ricetons\"}]},{\"@type\":\"WebSite\",\"@id\":\"https:\/\/la-maison.net\/#website\",\"url\":\"https:\/\/la-maison.net\/\",\"name\":\"la-maison.net\",\"description\":\"\",\"publisher\":{\"@id\":\"https:\/\/la-maison.net\/#organization\"},\"potentialAction\":[{\"@type\":\"SearchAction\",\"target\":{\"@type\":\"EntryPoint\",\"urlTemplate\":\"https:\/\/la-maison.net\/?s={search_term_string}\"},\"query-input\":{\"@type\":\"PropertyValueSpecification\",\"valueRequired\":true,\"valueName\":\"search_term_string\"}}],\"inLanguage\":\"fr-FR\"},{\"@type\":\"Organization\",\"@id\":\"https:\/\/la-maison.net\/#organization\",\"name\":\"La Maison\",\"url\":\"https:\/\/la-maison.net\/\",\"logo\":{\"@type\":\"ImageObject\",\"inLanguage\":\"fr-FR\",\"@id\":\"https:\/\/la-maison.net\/#\/schema\/logo\/image\/\",\"url\":\"https:\/\/la-maison.net\/wp-content\/uploads\/2018\/12\/cropped-logo-2019-e1580116215100.jpg\",\"contentUrl\":\"https:\/\/la-maison.net\/wp-content\/uploads\/2018\/12\/cropped-logo-2019-e1580116215100.jpg\",\"width\":384,\"height\":94,\"caption\":\"La Maison\"},\"image\":{\"@id\":\"https:\/\/la-maison.net\/#\/schema\/logo\/image\/\"}},{\"@type\":\"Person\",\"@id\":\"https:\/\/la-maison.net\/#\/schema\/person\/7699b18ca24da5124f9de3a274cc42d4\",\"name\":\"Les H\u00f4tes\",\"url\":\"https:\/\/la-maison.net\/index.php\/author\/mozart\/\"}]}<\/script>\n<!-- \/ Yoast SEO plugin. -->","yoast_head_json":{"title":"Nuitons et Ricetons -","robots":{"index":"index","follow":"follow","max-snippet":"max-snippet:-1","max-image-preview":"max-image-preview:large","max-video-preview":"max-video-preview:-1"},"canonical":"https:\/\/la-maison.net\/index.php\/2017\/02\/23\/nuitons-et-ricetons\/","og_locale":"fr_FR","og_type":"article","og_title":"Nuitons et Ricetons -","og_description":"Animation et d\u00e9gustation de magnifiques Nuits-Saint-Georges pour 140 personnes ce soir. La cerise sur le g\u00e2teau sera la d\u00e9couverte pour les participants de ce vin de champagne le Ros\u00e9 des Riceys. Ros\u00e9 dont il n&rsquo;a que la couleur, un vin de gastronomie, un vin de garde. Un vin rare car simplement 60 000 bouteilles sont...","og_url":"https:\/\/la-maison.net\/index.php\/2017\/02\/23\/nuitons-et-ricetons\/","article_published_time":"2017-02-23T10:22:02+00:00","article_modified_time":"2017-02-23T10:22:09+00:00","og_image":[{"width":640,"height":480,"url":"https:\/\/la-maison.net\/wp-content\/uploads\/2017\/02\/24452-640x480-etiquette-domaine-des-perdrix-nuits-saint-georges-1er-cru-aux-perdrix-rouge-nuits-saint-georges.png","type":"image\/png"}],"author":"Les H\u00f4tes","twitter_card":"summary_large_image","twitter_misc":{"\u00c9crit par":"Les H\u00f4tes"},"schema":{"@context":"https:\/\/schema.org","@graph":[{"@type":"Article","@id":"https:\/\/la-maison.net\/index.php\/2017\/02\/23\/nuitons-et-ricetons\/#article","isPartOf":{"@id":"https:\/\/la-maison.net\/index.php\/2017\/02\/23\/nuitons-et-ricetons\/"},"author":{"name":"Les H\u00f4tes","@id":"https:\/\/la-maison.net\/#\/schema\/person\/7699b18ca24da5124f9de3a274cc42d4"},"headline":"Nuitons et Ricetons","datePublished":"2017-02-23T10:22:02+00:00","dateModified":"2017-02-23T10:22:09+00:00","mainEntityOfPage":{"@id":"https:\/\/la-maison.net\/index.php\/2017\/02\/23\/nuitons-et-ricetons\/"},"wordCount":87,"publisher":{"@id":"https:\/\/la-maison.net\/#organization"},"image":{"@id":"https:\/\/la-maison.net\/index.php\/2017\/02\/23\/nuitons-et-ricetons\/#primaryimage"},"thumbnailUrl":"https:\/\/la-maison.net\/wp-content\/uploads\/2017\/02\/24452-640x480-etiquette-domaine-des-perdrix-nuits-saint-georges-1er-cru-aux-perdrix-rouge-nuits-saint-georges.png","keywords":["bourgogne","D\u00e9gustation","devillard","les perdrix","nuits-saint-georges","ros\u00e9 des riceys"],"inLanguage":"fr-FR"},{"@type":"WebPage","@id":"https:\/\/la-maison.net\/index.php\/2017\/02\/23\/nuitons-et-ricetons\/","url":"https:\/\/la-maison.net\/index.php\/2017\/02\/23\/nuitons-et-ricetons\/","name":"Nuitons et Ricetons -","isPartOf":{"@id":"https:\/\/la-maison.net\/#website"},"primaryImageOfPage":{"@id":"https:\/\/la-maison.net\/index.php\/2017\/02\/23\/nuitons-et-ricetons\/#primaryimage"},"image":{"@id":"https:\/\/la-maison.net\/index.php\/2017\/02\/23\/nuitons-et-ricetons\/#primaryimage"},"thumbnailUrl":"https:\/\/la-maison.net\/wp-content\/uploads\/2017\/02\/24452-640x480-etiquette-domaine-des-perdrix-nuits-saint-georges-1er-cru-aux-perdrix-rouge-nuits-saint-georges.png","datePublished":"2017-02-23T10:22:02+00:00","dateModified":"2017-02-23T10:22:09+00:00","breadcrumb":{"@id":"https:\/\/la-maison.net\/index.php\/2017\/02\/23\/nuitons-et-ricetons\/#breadcrumb"},"inLanguage":"fr-FR","potentialAction":[{"@type":"ReadAction","target":["https:\/\/la-maison.net\/index.php\/2017\/02\/23\/nuitons-et-ricetons\/"]}]},{"@type":"ImageObject","inLanguage":"fr-FR","@id":"https:\/\/la-maison.net\/index.php\/2017\/02\/23\/nuitons-et-ricetons\/#primaryimage","url":"https:\/\/la-maison.net\/wp-content\/uploads\/2017\/02\/24452-640x480-etiquette-domaine-des-perdrix-nuits-saint-georges-1er-cru-aux-perdrix-rouge-nuits-saint-georges.png","contentUrl":"https:\/\/la-maison.net\/wp-content\/uploads\/2017\/02\/24452-640x480-etiquette-domaine-des-perdrix-nuits-saint-georges-1er-cru-aux-perdrix-rouge-nuits-saint-georges.png","width":640,"height":480,"caption":"Nuits-Saint-Georges et Ros\u00e9 des Riceys"},{"@type":"BreadcrumbList","@id":"https:\/\/la-maison.net\/index.php\/2017\/02\/23\/nuitons-et-ricetons\/#breadcrumb","itemListElement":[{"@type":"ListItem","position":1,"name":"Accueil","item":"https:\/\/la-maison.net\/"},{"@type":"ListItem","position":2,"name":"Nuitons et Ricetons"}]},{"@type":"WebSite","@id":"https:\/\/la-maison.net\/#website","url":"https:\/\/la-maison.net\/","name":"la-maison.net","description":"","publisher":{"@id":"https:\/\/la-maison.net\/#organization"},"potentialAction":[{"@type":"SearchAction","target":{"@type":"EntryPoint","urlTemplate":"https:\/\/la-maison.net\/?s={search_term_string}"},"query-input":{"@type":"PropertyValueSpecification","valueRequired":true,"valueName":"search_term_string"}}],"inLanguage":"fr-FR"},{"@type":"Organization","@id":"https:\/\/la-maison.net\/#organization","name":"La Maison","url":"https:\/\/la-maison.net\/","logo":{"@type":"ImageObject","inLanguage":"fr-FR","@id":"https:\/\/la-maison.net\/#\/schema\/logo\/image\/","url":"https:\/\/la-maison.net\/wp-content\/uploads\/2018\/12\/cropped-logo-2019-e1580116215100.jpg","contentUrl":"https:\/\/la-maison.net\/wp-content\/uploads\/2018\/12\/cropped-logo-2019-e1580116215100.jpg","width":384,"height":94,"caption":"La Maison"},"image":{"@id":"https:\/\/la-maison.net\/#\/schema\/logo\/image\/"}},{"@type":"Person","@id":"https:\/\/la-maison.net\/#\/schema\/person\/7699b18ca24da5124f9de3a274cc42d4","name":"Les H\u00f4tes","url":"https:\/\/la-maison.net\/index.php\/author\/mozart\/"}]}},"_links":{"self":[{"href":"https:\/\/la-maison.net\/index.php\/wp-json\/wp\/v2\/posts\/1906"}],"collection":[{"href":"https:\/\/la-maison.net\/index.php\/wp-json\/wp\/v2\/posts"}],"about":[{"href":"https:\/\/la-maison.net\/index.php\/wp-json\/wp\/v2\/types\/post"}],"author":[{"embeddable":true,"href":"https:\/\/la-maison.net\/index.php\/wp-json\/wp\/v2\/users\/1"}],"replies":[{"embeddable":true,"href":"https:\/\/la-maison.net\/index.php\/wp-json\/wp\/v2\/comments?post=1906"}],"version-history":[{"count":1,"href":"https:\/\/la-maison.net\/index.php\/wp-json\/wp\/v2\/posts\/1906\/revisions"}],"predecessor-version":[{"id":1908,"href":"https:\/\/la-maison.net\/index.php\/wp-json\/wp\/v2\/posts\/1906\/revisions\/1908"}],"wp:featuredmedia":[{"embeddable":true,"href":"https:\/\/la-maison.net\/index.php\/wp-json\/wp\/v2\/media\/1907"}],"wp:attachment":[{"href":"https:\/\/la-maison.net\/index.php\/wp-json\/wp\/v2\/media?parent=1906"}],"wp:term":[{"taxonomy":"category","embeddable":true,"href":"https:\/\/la-maison.net\/index.php\/wp-json\/wp\/v2\/categories?post=1906"},{"taxonomy":"post_tag","embeddable":true,"href":"https:\/\/la-maison.net\/index.php\/wp-json\/wp\/v2\/tags?post=1906"}],"curies":[{"name":"wp","href":"https:\/\/api.w.org\/{rel}","templated":true}]}}